{"id":9991,"date":"2014-09-06T17:30:29","date_gmt":"2014-09-06T16:30:29","guid":{"rendered":"http:\/\/www.schoried.ch\/wpress2\/?p=9991"},"modified":"2014-11-18T10:46:34","modified_gmt":"2014-11-18T08:46:34","slug":"denkmaltag-roemischer-apero-in-alpnach","status":"publish","type":"post","link":"https:\/\/schoried.ch\/wpress4\/?p=9991","title":{"rendered":"Denkmaltag: R\u00f6mischer Ap\u00e9ro in Alpnach"},"content":{"rendered":"<div id=\"attachment_9996\" style=\"width: 281px\" class=\"wp-caption alignleft\"><a href=\"http:\/\/schoried.ch\/wpress4\/wp-content\/uploads\/2014\/09\/Denkmaltag14_Uechtern_gedreht_web.jpg\"><img loading=\"lazy\" decoding=\"async\" aria-describedby=\"caption-attachment-9996\" class=\"size-medium wp-image-9996\" src=\"http:\/\/schoried.ch\/wpress4\/wp-content\/uploads\/2014\/09\/Denkmaltag14_Uechtern_gedreht_web-271x300.jpg\" alt=\"Visualisierung aus dem Flyer der Denkmalpflege\" width=\"271\" height=\"300\" srcset=\"https:\/\/schoried.ch\/wpress4\/wp-content\/uploads\/2014\/09\/Denkmaltag14_Uechtern_gedreht_web-271x300.jpg 271w, https:\/\/schoried.ch\/wpress4\/wp-content\/uploads\/2014\/09\/Denkmaltag14_Uechtern_gedreht_web.jpg 300w\" sizes=\"auto, (max-width: 271px) 100vw, 271px\" \/><\/a><p id=\"caption-attachment-9996\" class=\"wp-caption-text\">Visualisierung aus dem Flyer der Denkmalpflege<\/p><\/div>\n<p><span style=\"color: #000000;\">Am Wochenende vom 13.\/14. September gibt es im Rahmen des Europ\u00e4ischen Denkmaltags eine besondere Besichtigung in Alpnach, samt einem r\u00f6mischen Ap\u00e9ro. Es gibt etwas zu sehen, was man eigentlich gar nicht sieht: Vor 100 Jahren wurde auf dem Alpnacher Heimwesen Uechteren ein\u00a0<\/span><span style=\"color: #000000;\">r\u00f6mischer Gutshof entdeckt. An den Europ\u00e4ischen Tagen des Denkmals\u00a0<\/span><span style=\"color: #000000;\">kann die Bev\u00f6lkerung mit Hilfe geophysikalischer Instrumente erleben,\u00a0<\/span><span style=\"color: #000000;\">wie der Gutshof ausgesehen hat.\u00a0Das Publikum ist willkommen am\u00a0Samstag von 14 bis 17\u00a0Uhr und am Sonntag von 11 bis 17 Uhr.\u00a0<\/span><!--more--><\/p>\n<p><span style=\"color: #000000;\">In Alpnach wurden 1913 auf dem Heimwesen\u00a0<\/span><span style=\"color: #000000;\">Uechteren r\u00f6mische Funde entdeckt. Unter Leitung des\u00a0<\/span><span style=\"color: #000000;\">Benediktiner-Paters Emmanuel Scherer, einem Pioniere der\u00a0<\/span><span style=\"color: #000000;\">Arch\u00e4ologie in der Zentralschweiz, kamen 1914 bei Grabungen die\u00a0<\/span><br style=\"color: #000000;\" \/><span style=\"color: #000000;\">\u00dcberreste mehrerer Geb\u00e4ude ans Tageslicht. Pater Emmanuel Scherer\u00a0<\/span><span style=\"color: #000000;\">interpretierte diese richtig als Ruine eines r\u00f6mischen Gutshofs.\u00a0<\/span><span style=\"color: #000000;\">Lange Zeit war es danach still um diese wichtige Fundstelle, bis\u00a0<\/span><span style=\"color: #000000;\">Nachgrabungen 1989 die ersten Kenntnisse wesentlich bereicherten.<\/span><br style=\"color: #000000;\" \/><br style=\"color: #000000;\" \/><span style=\"color: #000000;\">Damals nahm sich der historische Verein von Obwalden der Arch\u00e4ologie\u00a0<\/span><span style=\"color: #000000;\">an. Heute liegt die Verantwortlichkeit in der Hand des Kantons. Seit\u00a0<\/span><span style=\"color: #000000;\">2011 ber\u00e4t die Kantonsarch\u00e4ologie Luzern den Kanton Obwalden in\u00a0<\/span><span style=\"color: #000000;\">Fragen der Arch\u00e4ologie. Diese Zusammenarbeit wird nun an den\u00a0<\/span><span style=\"color: #000000;\">Europ\u00e4ischen Tagen des Denkmals f\u00fcr die \u00d6ffentlichkeit sichtbar: Die\u00a0<\/span><span style=\"color: #000000;\">Fachstelle f\u00fcr Kultur- und Denkmalpflege Obwalden, das Historische\u00a0<\/span><span style=\"color: #000000;\">Museum Obwalden und die Kantonsarch\u00e4ologie Luzern bereiten\u00a0den Anlass\u00a0<\/span><span style=\"color: #000000;\">auf dem Gel\u00e4nde des wohl wichtigsten arch\u00e4ologischen Denkmals\u00a0<\/span><span style=\"color: #000000;\">Obwaldens gemeinsam vor.<\/span><br style=\"color: #000000;\" \/><br style=\"color: #000000;\" \/><span style=\"color: #000000;\">Gutshof lebt wieder auf\u00a0<\/span><br style=\"color: #000000;\" \/><span style=\"color: #000000;\">Sichtbar sind die Geb\u00e4udestrukturen des Gutshofes normalerweise\u00a0<\/span><span style=\"color: #000000;\">nicht. Am Wochenende vom 13.\/14. September wird die Anlage jedoch\u00a0<\/span><span style=\"color: #000000;\">sicht- und erfahrbar gemacht: F\u00fchrungen, eine Ausstellung\u00a0<\/span><span style=\"color: #000000;\">ausgew\u00e4hlter Funde, Vorf\u00fchrungen von geophysikalischen\u00a0<\/span><span style=\"color: #000000;\">Messinstrumenten und Messergebnissen, <strong>Workshops f\u00fcr Kinder und ein\u00a0<\/strong><\/span><span style=\"color: #000000;\"><strong>r\u00f6misches Ap\u00e9robuffet<\/strong> der Gruppe Degustatio richten sich an<\/span><span style=\"color: #000000;\">\u00a0alle Altersgruppen. Der Anlass ist laut den Organisatoren<\/span>\u00a0insbesondere auch f\u00fcr\u00a0<span style=\"color: #000000;\">Familien mit Kinder geeignet<\/span><\/p>\n<p><strong><span style=\"color: #000000;\">Der Weg in die Uechtern ist ab Bahnhof beschildert (15 Minuten Fussweg). F\u00fcr Autofahrer hat es Parkpl\u00e4tze bei der Alpnach Norm.\u00a0<\/span><\/strong><\/p>\n<p><strong><span style=\"color: #ff0000;\">Am Freitag, 19 September, findet um 19.30 Uhr zudem ein\u00a0Vortrag \u00fcber \u00abDie R\u00f6mer im Kanton\u00a0Obwalden \u2013 eine Spurensuche\u00bb statt. Referent ist Professor Peter-Andrew Schwarz,\u00a0Universit\u00e4t Basel. Er spricht im Historischen\u00a0Museum Obwalden in Sarnen.<\/span><\/strong><\/p>\n<p><strong>&gt;&gt; <a href=\"http:\/\/www.ow.ch\/dl.php\/de\/54055fdc715c3\/Flyer_ETD_2014.pdf\" target=\"_blank\">Hier finden Sie den Flyer dazu<\/a><\/strong><\/p>\n<p>&gt;&gt; <a href=\"http:\/\/www.ow.ch\/de\/verwaltung\/aemter\/?amt_id=140\" target=\"_blank\">Infos \u00fcber die Denkmalpflege in Obwalden<\/a><\/p>\n<p>&nbsp;<\/p>\n<p>&nbsp;<\/p>\n","protected":false},"excerpt":{"rendered":"<p>Am Wochenende vom 13.\/14. September gibt es im Rahmen des Europ\u00e4ischen Denkmaltags eine besondere Besichtigung in Alpnach, samt einem r\u00f6mischen Ap\u00e9ro. Es gibt etwas zu sehen, was man eigentlich gar nicht sieht: Vor 100 Jahren wurde auf dem Alpnacher Heimwesen&#8230;<\/p>\n","protected":false},"author":1,"featured_media":9996,"comment_status":"closed","ping_status":"closed","sticky":false,"template":"","format":"standard","meta":{"footnotes":""},"categories":[1,8,14],"tags":[],"class_list":["post-9991","post","type-post","status-publish","format-standard","has-post-thumbnail","hentry","category-allgemein","category-aus-dem-kulturellen-leben-alpnachs","category-vermischtes"],"_links":{"self":[{"href":"https:\/\/schoried.ch\/wpress4\/index.php?rest_route=\/wp\/v2\/posts\/9991","targetHints":{"allow":["GET"]}}],"collection":[{"href":"https:\/\/schoried.ch\/wpress4\/index.php?rest_route=\/wp\/v2\/posts"}],"about":[{"href":"https:\/\/schoried.ch\/wpress4\/index.php?rest_route=\/wp\/v2\/types\/post"}],"author":[{"embeddable":true,"href":"https:\/\/schoried.ch\/wpress4\/index.php?rest_route=\/wp\/v2\/users\/1"}],"replies":[{"embeddable":true,"href":"https:\/\/schoried.ch\/wpress4\/index.php?rest_route=%2Fwp%2Fv2%2Fcomments&post=9991"}],"version-history":[{"count":2,"href":"https:\/\/schoried.ch\/wpress4\/index.php?rest_route=\/wp\/v2\/posts\/9991\/revisions"}],"predecessor-version":[{"id":10254,"href":"https:\/\/schoried.ch\/wpress4\/index.php?rest_route=\/wp\/v2\/posts\/9991\/revisions\/10254"}],"wp:featuredmedia":[{"embeddable":true,"href":"https:\/\/schoried.ch\/wpress4\/index.php?rest_route=\/wp\/v2\/media\/9996"}],"wp:attachment":[{"href":"https:\/\/schoried.ch\/wpress4\/index.php?rest_route=%2Fwp%2Fv2%2Fmedia&parent=9991"}],"wp:term":[{"taxonomy":"category","embeddable":true,"href":"https:\/\/schoried.ch\/wpress4\/index.php?rest_route=%2Fwp%2Fv2%2Fcategories&post=9991"},{"taxonomy":"post_tag","embeddable":true,"href":"https:\/\/schoried.ch\/wpress4\/index.php?rest_route=%2Fwp%2Fv2%2Ftags&post=9991"}],"curies":[{"name":"wp","href":"https:\/\/api.w.org\/{rel}","templated":true}]}}