{"id":9572,"date":"2014-03-02T22:23:03","date_gmt":"2014-03-02T21:23:03","guid":{"rendered":"http:\/\/www.schoried.ch\/wpress2\/?p=9572"},"modified":"2014-10-04T17:53:58","modified_gmt":"2014-10-04T15:53:58","slug":"die-dorffasnacht-in-sieben-minuten","status":"publish","type":"post","link":"https:\/\/schoried.ch\/wpress4\/?p=9572","title":{"rendered":"Die Dorffasnacht in sieben Minuten"},"content":{"rendered":"<div id=\"attachment_9571\" style=\"width: 310px\" class=\"wp-caption alignleft\"><a href=\"http:\/\/schoried.ch\/wpress4\/wp-content\/uploads\/2014\/03\/Dorfas2014Standbild-e1393792682145.jpg\"><img loading=\"lazy\" decoding=\"async\" aria-describedby=\"caption-attachment-9571\" class=\"wp-image-9571 size-medium\" src=\"http:\/\/schoried.ch\/wpress4\/wp-content\/uploads\/2014\/03\/Dorfas2014Standbild-e1393792682145-300x225.jpg\" alt=\"\" width=\"300\" height=\"225\" srcset=\"https:\/\/schoried.ch\/wpress4\/wp-content\/uploads\/2014\/03\/Dorfas2014Standbild-e1393792682145-300x225.jpg 300w, https:\/\/schoried.ch\/wpress4\/wp-content\/uploads\/2014\/03\/Dorfas2014Standbild-e1393792682145-1024x769.jpg 1024w, https:\/\/schoried.ch\/wpress4\/wp-content\/uploads\/2014\/03\/Dorfas2014Standbild-e1393792682145.jpg 1104w\" sizes=\"auto, (max-width: 300px) 100vw, 300px\" \/><\/a><p id=\"caption-attachment-9571\" class=\"wp-caption-text\">Die Mesireccas aus Raron trotzen dem str\u00f6menden Regen<\/p><\/div>\n<p>Im str\u00f6menden Regen spielten die Guuggenmusigen an der Dorffasnacht 2014 auf. Das schm\u00e4lerte ihren Einsatz allerdings keineswegs, wie der 7-Minuten-Film zu Auftritten der Musiken am sp\u00e4ten Abend zeigt.<\/p>\n<p><!--more--><\/p>\n<p>Hier k\u00f6nnen Sie sich den Film anschauen: (fehlt im Moment)<br \/>\n&gt;&gt; <a title=\"Die Dorffasnacht 2014 in Bildern\" href=\"http:\/\/www.schoried.ch\/wpress2\/2014\/03\/die-dorffasnacht-2014-in-bildern\/\">Hier gehts zum Bericht mit Diaschau<\/a><\/p>\n<p>&gt;&gt; <a title=\"Farb-Regen-Dorffasnacht v\u00f6ller Gemeinder\u00e4te\" href=\"http:\/\/www.schoried.ch\/wpress2\/2014\/03\/farb-regen-dorffasnacht-voeller-gemeinderaete\/\">Das Dorf war auf einmal voller Gemeinder\u00e4te<\/a><\/p>\n<p>&nbsp;<\/p>\n","protected":false},"excerpt":{"rendered":"<p>Im str\u00f6menden Regen spielten die Guuggenmusigen an der Dorffasnacht 2014 auf. Das schm\u00e4lerte ihren Einsatz allerdings keineswegs, wie der 7-Minuten-Film zu Auftritten der Musiken am sp\u00e4ten Abend zeigt.<\/p>\n","protected":false},"author":1,"featured_media":0,"comment_status":"open","ping_status":"open","sticky":false,"template":"","format":"video","meta":{"footnotes":""},"categories":[1,3,4,8],"tags":[173,230,516],"class_list":["post-9572","post","type-post","status-publish","format-video","hentry","category-allgemein","category-bilder","category-diverses","category-aus-dem-kulturellen-leben-alpnachs","tag-fasnacht","tag-guuggenmusigen","tag-tschyfaeraezunft","post_format-post-format-video"],"_links":{"self":[{"href":"https:\/\/schoried.ch\/wpress4\/index.php?rest_route=\/wp\/v2\/posts\/9572","targetHints":{"allow":["GET"]}}],"collection":[{"href":"https:\/\/schoried.ch\/wpress4\/index.php?rest_route=\/wp\/v2\/posts"}],"about":[{"href":"https:\/\/schoried.ch\/wpress4\/index.php?rest_route=\/wp\/v2\/types\/post"}],"author":[{"embeddable":true,"href":"https:\/\/schoried.ch\/wpress4\/index.php?rest_route=\/wp\/v2\/users\/1"}],"replies":[{"embeddable":true,"href":"https:\/\/schoried.ch\/wpress4\/index.php?rest_route=%2Fwp%2Fv2%2Fcomments&post=9572"}],"version-history":[{"count":2,"href":"https:\/\/schoried.ch\/wpress4\/index.php?rest_route=\/wp\/v2\/posts\/9572\/revisions"}],"predecessor-version":[{"id":10313,"href":"https:\/\/schoried.ch\/wpress4\/index.php?rest_route=\/wp\/v2\/posts\/9572\/revisions\/10313"}],"wp:attachment":[{"href":"https:\/\/schoried.ch\/wpress4\/index.php?rest_route=%2Fwp%2Fv2%2Fmedia&parent=9572"}],"wp:term":[{"taxonomy":"category","embeddable":true,"href":"https:\/\/schoried.ch\/wpress4\/index.php?rest_route=%2Fwp%2Fv2%2Fcategories&post=9572"},{"taxonomy":"post_tag","embeddable":true,"href":"https:\/\/schoried.ch\/wpress4\/index.php?rest_route=%2Fwp%2Fv2%2Ftags&post=9572"}],"curies":[{"name":"wp","href":"https:\/\/api.w.org\/{rel}","templated":true}]}}