{"id":9480,"date":"2014-02-21T23:55:39","date_gmt":"2014-02-21T22:55:39","guid":{"rendered":"http:\/\/www.schoried.ch\/wpress2\/?p=9480"},"modified":"2014-02-21T23:55:39","modified_gmt":"2014-02-21T22:55:39","slug":"kathrin-doenni-wirft-den-bettel-hin","status":"publish","type":"post","link":"https:\/\/schoried.ch\/wpress4\/?p=9480","title":{"rendered":"Kathrin D\u00f6nni wirft den Bettel hin"},"content":{"rendered":"<div id=\"attachment_9486\" style=\"width: 310px\" class=\"wp-caption alignleft\"><img loading=\"lazy\" decoding=\"async\" aria-describedby=\"caption-attachment-9486\" class=\"size-thumbnail wp-image-9486 \" alt=\"\" src=\"http:\/\/schoried.ch\/wpress4\/wp-content\/uploads\/2014\/02\/Doenni_2008-300x199.jpg\" width=\"300\" height=\"199\" srcset=\"https:\/\/schoried.ch\/wpress4\/wp-content\/uploads\/2014\/02\/Doenni_2008-300x199.jpg 300w, https:\/\/schoried.ch\/wpress4\/wp-content\/uploads\/2014\/02\/Doenni_2008.jpg 500w\" sizes=\"auto, (max-width: 300px) 100vw, 300px\" \/><p id=\"caption-attachment-9486\" class=\"wp-caption-text\">Ein Bild aus besseren Zeiten: Der Gemeinderat nach der Neuwahl 2008, hinten (2. von rechts) Kathrin D\u00f6nni<\/p><\/div>\n<p>Alpnach braucht nach den Sommerferien ein neues Gemeindepr\u00e4sidium: Kathrin D\u00f6nni tritt per Ende August zur\u00fcck. Sie begr\u00fcndet ihren Schritt, der ihr nicht leicht gefallen sei, vor allem mit dem Klima im Gemeinderat oder der nicht funktionierenden Zusammenarbeit der Ratsmitglieder seit der letzten Gesamterneuerungswahl. Sie sehe in der Uneinigkeit der Ratsmitglieder, die man auch ausserhalb des Gemeindehauses wahrgenommen habe, einen der Gr\u00fcnde daf\u00fcr, dass die Bev\u00f6lkerung nicht von der Notwendigkeit einer Steuererh\u00f6hung \u00fcberzeugt werden konnte. Wie schon Remo K\u00fcchler weist auch D\u00f6nni darauf hin, dass die Zusammenarbeit seit den Wahlen von 2012 schwieriger geworden sei. D\u00f6nni und K\u00fcchler sind die beiden CVP-Vertreter im f\u00fcnfk\u00f6pfigen Gemeinderat. Dieser will n\u00e4chste Woche dar\u00fcber beschliessen, wann die Nachfolgewahl stattfinden soll.<\/p>\n<p><!--more-->Sie finden hier<strong> die Erkl\u00e4rung Kathrin D\u00f6nnis im Wortlaut:<\/strong><\/p>\n<p><span style=\"font-size: 29px;\"><strong><span style=\"color: #ff0000;\">&#8222;<\/span><\/strong><\/span>Ich habe mich entschieden, mein Amt als Gemeinder\u00e4tin und Gemeindepr\u00e4sidentin per 31. August 2014 niederzulegen.<\/p>\n<p>Im Juli 2008 habe ich das Gemeinderatsamt mit der Vorstellung angetreten, mich gemeinsam mit dem Gemeinderat f\u00fcr die Gestaltung und Entwicklung meiner Wohngemeinde einzusetzen. Die Grunds\u00e4tze der Zusammenarbeit im Gremium mussten in meiner ersten Legislatur nie diskutiert werden. Die Zusammenarbeit erfolgte wertsch\u00e4tzend und unterst\u00fctzend, auch wenn man durchaus nicht immer gleicher Meinung war.<\/p>\n<p>[sws_blockquote_endquote align=&#8220;left&#8220; cite=&#8220;&#8220; quotestyle=&#8220;style01&#8243;]In der schwierigen Situation, in der sich die Gemeinde Alpnach befindet, braucht es ein Klima, in dem der Gemeinderat und das Verwaltungspersonal am selben Strick ziehen. [\/sws_blockquote_endquote]<br \/>\n<img loading=\"lazy\" decoding=\"async\" class=\"alignleft\" alt=\"\" src=\"http:\/\/www.schoried.ch\/wp-content\/uploads\/2012\/03\/wahl2012_doennekathrin.jpg\" width=\"180\" height=\"180\" \/>Seit den letzten Gesamterneuerungswahlen des Gemeinderats und der damit verbundenen ver\u00e4nderten personellen Zusammensetzung konnte der Rat nicht wieder zum n\u00f6tigen Zusammenhalt finden. In der schwierigen Situation, in der sich die Gemeinde Alpnach befindet, braucht es ein Klima, in dem der Gemeinderat und das Verwaltungspersonal am selben Strick ziehen, um die anspruchsvollen Aufgaben mit Engagement und Freude erfolgreich bew\u00e4ltigen zu k\u00f6nnen. Diese Grundlage f\u00fcr eine gute Zusammenarbeit hat sich nach meinem Empfinden leider nicht mit allen Gemeinderatsmitgliedern ergeben.<\/p>\n<p>[sws_blockquote_endquote align=&#8220;left&#8220; cite=&#8220;&#8220; quotestyle=&#8220;style01&#8243;]Die Uneinigkeit im Gemeinderat in Bezug auf die Beurteilung der Gesamtsituation blieb der Bev\u00f6lkerung kaum verborgen. [\/sws_blockquote_endquote]<br \/>\nDie schlechte Finanzlage der Gemeinde ist meiner Ansicht nach strukturell bedingt. Die Uneinigkeit im Gemeinderat in Bezug auf die Beurteilung der Gesamtsituation blieb der Bev\u00f6lkerung kaum verborgen. Dies sehe ich als einen der Gr\u00fcnde daf\u00fcr, dass der Gemeinderat die Mehrheit der Bev\u00f6lkerung und einzelne Parteien nicht von der Notwendigkeit einer Steuererh\u00f6hung und der Vorlage des Budgets 2014 \u00fcberzeugen konnte. Aufgrund der ungel\u00f6sten Finanzprobleme der Gemeinde und der fehlenden Einigkeit im Gemeinderat besteht die Gefahr, dass sich die Gemeinde bez\u00fcglich Attraktivit\u00e4t als Wohn- und Arbeitsort, aber auch bez\u00fcglich Personalsituation in der Verwaltung in eine Richtung entwickelt, welche meiner \u00dcberzeugung klar entgegensteht.<\/p>\n<p>[sws_blockquote_endquote align=&#8220;left&#8220; cite=&#8220;&#8220; quotestyle=&#8220;style01&#8243;]Mit frischen K\u00f6pfen findet der Gemeinderat hoffentlich zu einem guten Zusammenhalt. [\/sws_blockquote_endquote]<\/p>\n<p>Ich bin auf Grund dieser Gesamtsituation zum Schluss gekommen, meinen Sitz im Gemeinderat und als Gemeindepr\u00e4sidentin zur Verf\u00fcgung zu stellen. F\u00fcr die Ersatzwahl meines Amtskollegen Remo K\u00fcchler vom 9. M\u00e4rz stehen mehrere Kandidaten zur Verf\u00fcgung. Dieser Umstand stimmt mich zuversichtlich, dass sich auch f\u00fcr eine weitere Ersatzwahl gen\u00fcgend f\u00e4hige Kandidierende finden lassen, die sich mit Tatkraft und Energie f\u00fcr die Gemeindeaufgaben einsetzen wollen. Mit frischen K\u00f6pfen findet der Gemeinderat hoffentlich zu einem guten Zusammenhalt, um mit neuem Elan die k\u00fcnftigen Herausforderungen anzupacken.<\/p>\n<div id=\"attachment_9485\" style=\"width: 310px\" class=\"wp-caption alignleft\"><img loading=\"lazy\" decoding=\"async\" aria-describedby=\"caption-attachment-9485\" class=\"size-thumbnail wp-image-9485 \" alt=\"\" src=\"http:\/\/schoried.ch\/wpress4\/wp-content\/uploads\/2014\/02\/Doenni_Brass-300x198.jpg\" width=\"300\" height=\"198\" srcset=\"https:\/\/schoried.ch\/wpress4\/wp-content\/uploads\/2014\/02\/Doenni_Brass-300x198.jpg 300w, https:\/\/schoried.ch\/wpress4\/wp-content\/uploads\/2014\/02\/Doenni_Brass.jpg 500w\" sizes=\"auto, (max-width: 300px) 100vw, 300px\" \/><p id=\"caption-attachment-9485\" class=\"wp-caption-text\">Kathrin D\u00f6nni am Brassband Festival 2013<\/p><\/div>\n<p>[sws_blockquote_endquote align=&#8220;left&#8220; cite=&#8220;&#8220; quotestyle=&#8220;style01&#8243;]Ich bedaure, dass ich einige Projekte nicht mehr zu Ende f\u00fchren oder weiter begleiten kann. [\/sws_blockquote_endquote]<br \/>\nDer Entscheid zum R\u00fccktritt ist mir nicht leicht gefallen. Meine Zeit im Gemeinderat hat mir viel Freude bereitet und ich habe mich gerne f\u00fcr das Wohl der Gemeinde eingesetzt. Ich blicke auf eine interessante und Iehrreiche Zeit zur\u00fcck, w\u00e4hrend der ich in verschiedene kleinere und gr\u00f6ssere Projekte involviert war. Ich bedaure, dass ich einige Projekte nicht mehr zu Ende f\u00fchren oder weiter begleiten kann. W\u00e4hrend meiner Amtst\u00e4tigkeit konnte ich stets auf die kompetente Unterst\u00fctzung und Einsatzbereitschaft des Verwaltungspersonals z\u00e4hlen. Ich danke allen Personen, mit denen ich in den vergangenen Jahren in konstruktiver und zielf\u00fchrender Art und Weise zusammenarbeiten durfte sowie allen, die mich sowohl fachlich wie menschlich w\u00e4hrend dieser Zeit begleitet und unterst\u00fctzt haben.<br \/>\nIch w\u00fcnsche dem k\u00fcnftigen Gemeinderat eine gl\u00fcckliche Hand bei der L\u00f6sung der anstehenden Aufgaben.<span style=\"color: #ff0000; font-size: 25px;\"><strong>&#8222;<\/strong><\/span><\/p>\n<p>&gt;&gt; <a title=\"Remo K\u00fcchler tritt zur\u00fcck\" href=\"http:\/\/www.schoried.ch\/wpress2\/2013\/11\/remo-kuechler-tritt-zurueck\/\">Im November trat Remo K\u00fcchler zur\u00fcck<\/a><\/p>\n<p>&gt;&gt; <a title=\"GR: Krummenacher ist der dritte Kandidat\" href=\"http:\/\/www.schoried.ch\/wpress2\/2014\/01\/krummenacher-ist-der-dritte-kandidat\/\">Nachfolgewahl f\u00fcr K\u00fcchler: Drei Kandidaten<\/a><\/p>\n<p>&nbsp;<\/p>\n<p>&nbsp;<\/p>\n<p>&nbsp;<\/p>\n","protected":false},"excerpt":{"rendered":"<p>Alpnach braucht nach den Sommerferien ein neues Gemeindepr\u00e4sidium: Kathrin D\u00f6nni tritt per Ende August zur\u00fcck. Sie begr\u00fcndet ihren Schritt, der ihr nicht leicht gefallen sei, vor allem mit dem Klima im Gemeinderat oder der nicht funktionierenden Zusammenarbeit der Ratsmitglieder seit&#8230;<\/p>\n","protected":false},"author":1,"featured_media":9485,"comment_status":"open","ping_status":"open","sticky":false,"template":"","format":"standard","meta":{"footnotes":""},"categories":[1,4,9,15],"tags":[133,203,205,385],"class_list":["post-9480","post","type-post","status-publish","format-standard","has-post-thumbnail","hentry","category-allgemein","category-diverses","category-aus-dem-politischen-leben-alpnachs","category-wahlen","tag-cvp","tag-gemeindepraesidentin","tag-gemeinderat","tag-parteien"],"_links":{"self":[{"href":"https:\/\/schoried.ch\/wpress4\/index.php?rest_route=\/wp\/v2\/posts\/9480","targetHints":{"allow":["GET"]}}],"collection":[{"href":"https:\/\/schoried.ch\/wpress4\/index.php?rest_route=\/wp\/v2\/posts"}],"about":[{"href":"https:\/\/schoried.ch\/wpress4\/index.php?rest_route=\/wp\/v2\/types\/post"}],"author":[{"embeddable":true,"href":"https:\/\/schoried.ch\/wpress4\/index.php?rest_route=\/wp\/v2\/users\/1"}],"replies":[{"embeddable":true,"href":"https:\/\/schoried.ch\/wpress4\/index.php?rest_route=%2Fwp%2Fv2%2Fcomments&post=9480"}],"version-history":[{"count":0,"href":"https:\/\/schoried.ch\/wpress4\/index.php?rest_route=\/wp\/v2\/posts\/9480\/revisions"}],"wp:featuredmedia":[{"embeddable":true,"href":"https:\/\/schoried.ch\/wpress4\/index.php?rest_route=\/wp\/v2\/media\/9485"}],"wp:attachment":[{"href":"https:\/\/schoried.ch\/wpress4\/index.php?rest_route=%2Fwp%2Fv2%2Fmedia&parent=9480"}],"wp:term":[{"taxonomy":"category","embeddable":true,"href":"https:\/\/schoried.ch\/wpress4\/index.php?rest_route=%2Fwp%2Fv2%2Fcategories&post=9480"},{"taxonomy":"post_tag","embeddable":true,"href":"https:\/\/schoried.ch\/wpress4\/index.php?rest_route=%2Fwp%2Fv2%2Ftags&post=9480"}],"curies":[{"name":"wp","href":"https:\/\/api.w.org\/{rel}","templated":true}]}}