{"id":7903,"date":"2013-12-15T14:16:27","date_gmt":"2013-12-15T13:16:27","guid":{"rendered":"http:\/\/www.schoried.ch\/?p=7903"},"modified":"2013-12-15T14:16:27","modified_gmt":"2013-12-15T13:16:27","slug":"nein-zum-budget-ist-nun-die-bibliothek-in-gefahr","status":"publish","type":"post","link":"https:\/\/schoried.ch\/wpress4\/?p=7903","title":{"rendered":"Nein zu Budget und h\u00f6heren Steuern: Ist Bibliothek in Gefahr?"},"content":{"rendered":"<p>&nbsp;<\/p>\n<div id=\"attachment_7902\" style=\"width: 310px\" class=\"wp-caption alignleft\"><a href=\"http:\/\/schoried.ch\/wpress4\/wp-content\/uploads\/2013\/12\/Bibliothek_dummheit.jpg\"><img loading=\"lazy\" decoding=\"async\" aria-describedby=\"caption-attachment-7902\" class=\"size-medium wp-image-7902 \" alt=\"Auch eine Bibliothek hat &quot;Nebenwirkungen&quot;, wie dieses Plakat in Alpnach zeigt.\" src=\"http:\/\/schoried.ch\/wpress4\/wp-content\/uploads\/2013\/12\/Bibliothek_dummheit-300x169.jpg\" width=\"300\" height=\"169\" srcset=\"https:\/\/schoried.ch\/wpress4\/wp-content\/uploads\/2013\/12\/Bibliothek_dummheit-300x169.jpg 300w, https:\/\/schoried.ch\/wpress4\/wp-content\/uploads\/2013\/12\/Bibliothek_dummheit.jpg 710w\" sizes=\"auto, (max-width: 300px) 100vw, 300px\" \/><\/a><p id=\"caption-attachment-7902\" class=\"wp-caption-text\">Auch eine Bibliothek hat &#8222;Nebenwirkungen&#8220;, wie dieses Plakat in Alpnach zeigt.<\/p><\/div>\n<p>Die Bibliothek, die Jugendarbeit, der Winterdienst auf den Strassen &#8211; solche Dienstleistungen\u00a0seien in Gefahr, wenn das Budget abgelehnt werde, sagte der Gemeinderat im Vorfeld der Abstimmung \u00fcber das Budget und die Steuererh\u00f6hung. Weil die Steuererh\u00f6hung von der Gemeindeversammlung an die Urne verwiesen worden war &#8211; die SVP sammelte Unterschriften -, beschloss der Gemeinderat, auch \u00fcber das Budget an der Urne entscheiden zu lassen, da beide Gesch\u00e4fte sehr eng miteinander zusammenh\u00e4ngen. Nun ist das Ergebnis\u00a0bekannt:<span style=\"color: #000000;\"> <strong>Die Alpnacher lehnen Budget und Steuererh\u00f6hung ab<\/strong><\/span>. Die Stimmbeteiligung betrug 48 Prozent.<span style=\"color: #ff0000;\"> (Korrekturen zu Parteiparolen erg\u00e4nzt)<\/span><\/p>\n<p><!--more--><\/p>\n<div id=\"attachment_7902\" style=\"width: 507px\" class=\"wp-caption alignnone\"><img loading=\"lazy\" decoding=\"async\" aria-describedby=\"caption-attachment-7902\" class=\"wp-image-7902 \" title=\"Bibliothek_dummheit\" alt=\"\" src=\"http:\/\/schoried.ch\/wpress4\/wp-content\/uploads\/2013\/12\/Bibliothek_dummheit.jpg\" width=\"497\" height=\"280\" srcset=\"https:\/\/schoried.ch\/wpress4\/wp-content\/uploads\/2013\/12\/Bibliothek_dummheit.jpg 710w, https:\/\/schoried.ch\/wpress4\/wp-content\/uploads\/2013\/12\/Bibliothek_dummheit-300x169.jpg 300w\" sizes=\"auto, (max-width: 497px) 100vw, 497px\" \/><p id=\"caption-attachment-7902\" class=\"wp-caption-text\">Auch eine Bibliothek hat &#8222;Nebenwirkungen&#8220;, wie dieses Plakat in Alpnach zeigt.<\/p><\/div>\n<p><strong>Die Steuererh\u00f6hung wird nun mit 1023 Nein zu 849 Ja abgelehnt, das Budget mit 944 Nein zu 914 Ja.<\/strong><\/p>\n<p>Das Budget 2014 ging inklusive der beantragten Steuererh\u00f6hung von einem Defizit von 1,2 Millionen aus. Ohne Steuererh\u00f6hung h\u00e4tte das Defizit \u00a02,2 Millionen betragen. An der letzten Gemeindeversammlung hatte der Gemeinderat ein m\u00f6gliches Massnahmenpaket er\u00f6ffnet, mit dem sich mit teilweise schmerzhaften Eingriffen wie etwa der Schliessung der Bibliothek gut 1 Million einsparen liessen. Allerdings w\u00e4ren diese Massnahmen wie die Einstellung der Jugend- oder der Schulsozialarbeit nicht in jedem Fall sofort umsetzbar, weil sie noch Volksentscheide n\u00f6tig machen.<\/p>\n<p>Die SP,\u00a0<span style=\"color: #ff0000;\">die CSP und die CVP<\/span> hatten sich f\u00fcr das Budget und die Steuererh\u00f6hung ausgesprochen, die FDP und die SVP lehnten beides im Vorfeld der Abstimmung ab. <del>Eine CVP-Parole ist nicht bekannt (falsch: sie hatten im Alpnacher Blettli f\u00fcr ein Ja geworben)..<\/del> Die SVP erwartet vom Gemeinderat ein ausgeglichenes Budget. Der Antrag auf Steuererh\u00f6hung lautete von 4,3 auf 4,65 Einheiten &#8211; vor der Steuersenkung 2008 hatte er 4,55 Einheiten betragen.<\/p>\n<div id=\"attachment_7916\" style=\"width: 507px\" class=\"wp-caption alignnone\"><img loading=\"lazy\" decoding=\"async\" aria-describedby=\"caption-attachment-7916\" class=\"wp-image-7916 \" title=\"Christbaumstellen 2013\" alt=\"\" src=\"http:\/\/schoried.ch\/wpress4\/wp-content\/uploads\/2013\/12\/Schneepflug_Nov2013_01.jpg\" width=\"497\" height=\"360\" \/><p id=\"caption-attachment-7916\" class=\"wp-caption-text\">Auch eine Reduktion oder Einstellung des Winterdienstes stellt der Gemeinderat in Aussicht.<\/p><\/div>\n<p><strong>Schon 2013 im ersten Anlauf abgelehnt<\/strong><\/p>\n<p>Der Budget f\u00fcr das laufende Jahr 2013 wurde im April 2013 mit 986 Ja zu 284 Nein angenommen. Die Stummbeteiligung betrug damals 77,6 Prozent. Zuvor hatte das Volk das erste Budget am 20. Januar 2013 im ersten Anlauf mit 759 Nein zu 663 Ja bei einer Stimmbeteiligung von 35,8 Prozent abgelehnt. Das \u00fcberarbeitete Budget reduzierte den erwarteten Gesamtaufwand von 22,7 auf 22 Millionen Franken und das erwartete Defizit von 1,5 auf 0,95 Millionen.<\/p>\n<p>Wollen Sie in Zukunft auch <strong><span style=\"color: #ff0000;\">schnell per SMS<\/span> <\/strong>informiert werden? <a href=\"http:\/\/www.schoried.ch\/interaktiv\/sms-dienst\/\">Hier k\u00f6nnen Sie den Dienst abonnieren!<\/a><\/p>\n<p>&gt;&gt; <a href=\"http:\/\/www.schoried.ch\/wp-admin\/post.php?post=7774&amp;action=edit\">Bericht \u00fcber das an der Gemeindeversammlung vorgestellte Sparpaket<\/a><\/p>\n<p>&gt;&gt; <a href=\"http:\/\/www.schoried.ch\/doc\/Budget_Alpnach_2014.pdf\" target=\"_blank\">Hier finden Sie das Budget 2014<\/a><\/p>\n<p>&nbsp;<\/p>\n<p>&nbsp;<\/p>\n","protected":false},"excerpt":{"rendered":"<p>&nbsp; Die Bibliothek, die Jugendarbeit, der Winterdienst auf den Strassen &#8211; solche Dienstleistungen\u00a0seien in Gefahr, wenn das Budget abgelehnt werde, sagte der Gemeinderat im Vorfeld der Abstimmung \u00fcber das Budget und die Steuererh\u00f6hung. Weil die Steuererh\u00f6hung von der Gemeindeversammlung an&#8230;<\/p>\n","protected":false},"author":1,"featured_media":7902,"comment_status":"open","ping_status":"closed","sticky":false,"template":"","format":"standard","meta":{"footnotes":""},"categories":[4,8,9,11,13],"tags":[25,91,109,205,480,565],"class_list":["post-7903","post","type-post","status-publish","format-standard","has-post-thumbnail","hentry","category-diverses","category-aus-dem-kulturellen-leben-alpnachs","category-aus-dem-politischen-leben-alpnachs","category-schule","category-hauptinformationen","tag-abstimmung","tag-bibliothek","tag-budget","tag-gemeinderat","tag-steuererhoehung","tag-winterdienst"],"_links":{"self":[{"href":"https:\/\/schoried.ch\/wpress4\/index.php?rest_route=\/wp\/v2\/posts\/7903","targetHints":{"allow":["GET"]}}],"collection":[{"href":"https:\/\/schoried.ch\/wpress4\/index.php?rest_route=\/wp\/v2\/posts"}],"about":[{"href":"https:\/\/schoried.ch\/wpress4\/index.php?rest_route=\/wp\/v2\/types\/post"}],"author":[{"embeddable":true,"href":"https:\/\/schoried.ch\/wpress4\/index.php?rest_route=\/wp\/v2\/users\/1"}],"replies":[{"embeddable":true,"href":"https:\/\/schoried.ch\/wpress4\/index.php?rest_route=%2Fwp%2Fv2%2Fcomments&post=7903"}],"version-history":[{"count":0,"href":"https:\/\/schoried.ch\/wpress4\/index.php?rest_route=\/wp\/v2\/posts\/7903\/revisions"}],"wp:featuredmedia":[{"embeddable":true,"href":"https:\/\/schoried.ch\/wpress4\/index.php?rest_route=\/wp\/v2\/media\/7902"}],"wp:attachment":[{"href":"https:\/\/schoried.ch\/wpress4\/index.php?rest_route=%2Fwp%2Fv2%2Fmedia&parent=7903"}],"wp:term":[{"taxonomy":"category","embeddable":true,"href":"https:\/\/schoried.ch\/wpress4\/index.php?rest_route=%2Fwp%2Fv2%2Fcategories&post=7903"},{"taxonomy":"post_tag","embeddable":true,"href":"https:\/\/schoried.ch\/wpress4\/index.php?rest_route=%2Fwp%2Fv2%2Ftags&post=7903"}],"curies":[{"name":"wp","href":"https:\/\/api.w.org\/{rel}","templated":true}]}}