{"id":7708,"date":"2013-11-12T00:15:41","date_gmt":"2013-11-11T23:15:41","guid":{"rendered":"http:\/\/www.schoried.ch\/?p=7708"},"modified":"2013-11-12T00:15:41","modified_gmt":"2013-11-11T23:15:41","slug":"die-fasnacht-2014","status":"publish","type":"post","link":"https:\/\/schoried.ch\/wpress4\/?p=7708","title":{"rendered":"Fasnacht 2014 findet &quot;im Zauberwald&quot; statt"},"content":{"rendered":"<p><a href=\"http:\/\/schoried.ch\/wpress4\/wp-content\/uploads\/2013\/11\/faseroeff13_0531.jpg\"><img loading=\"lazy\" decoding=\"async\" class=\"size-thumbnail wp-image-7711 alignleft\" alt=\"Hubi Kunz ist 2014 Zunftmeister in Alpnach\" src=\"http:\/\/schoried.ch\/wpress4\/wp-content\/uploads\/2013\/11\/faseroeff13_0531-150x150.jpg\" width=\"150\" height=\"150\" \/><\/a>Die Fasnacht 2014 steht unter dem Motto &#8222;im Zauberwald&#8220; &#8211; das ist der Leitspruch von Huby Kunz. Dieser ist am Montag abend von der Tschyf\u00e4r\u00e4-Zunft Alpnach zum neuen Zunftmeister Huby I. und obersten Fasn\u00e4chtler f\u00fcr das n\u00e4chste Jahr gew\u00e4hlt worden. Huby I. ist 50 Jahre alt, gelernter Sanit\u00e4rinstallateur und Spengler. Alpnach ohne Fasnacht w\u00e4re f\u00fcr ihn wie &#8222;ein Bier ohne Schaum&#8220;. Er ist verheiratet mit Conny. Wandern, US-Jeeps, Wellness und anderes sind seine Hobbies.<\/p>\n<p><!--more--><\/p>\n<p>Sie konnten sich nicht alle ruhig halten: Ein Bild vom neuen Zunftmeister war schon am Wochenende im Facebook aufgetaucht, auch Spekulationen \u00fcber das Motto gab es am gleichen Ort im Verlauf des Montags. Die Z\u00fcnftler konnten offenbar die Spannung nicht gut aushalten &#8211; bis zur Wahl ihres neuen &#8222;Chefs&#8220; und der Bekanntgabe seines Mottos. An der Tagsatzung war auch noch ein &#8222;Gegenkandidat&#8220; zugegen, dem wurde aber ein Sitz im Gemeinderat zugesprochen &#8211; als Trostpreis. Alle Spekulationen nahmen um 11.11 Uhr abends ein Ende, als einstimmig Huby zum Zunftmeister gew\u00e4hlt wurde. Und dann \u00f6ffnete sich die Wand zum kleineren Schl\u00fcssel-Saal, wo den Z\u00fcnftlern und G\u00e4sten ein aufwendig gestalteter Zauberwald &#8211; das Motto der Fasnacht &#8222;im Zauberwald&#8220; &#8211; entgegenschaute.<\/p>\n<p>Ein neuer Z\u00fcnftler ist nicht aufgenommen worden. Bruno Amstutz wurde nach 22 aktiven Zunftjahren ins St\u00f6ckli entlassen. Vor 11 Jahren hatte er die Fasnacht als Bruno II. mit dem Motto &#8222;Buistell&#8220; geleitet. Martin Fl\u00fceler wurde aus der Zunft entlassen.<\/p>\n<p>&#8222;T\u00e4tschmeister&#8220; Markus Liniger versprach den Anwesenden einen spannenden Abend mit harten Wahlen. Am Schluss blieb es bei einem kleinen &#8222;Scharm\u00fctzel&#8220; um Bruno II. &#8211; solche haben an der Tagsatzung der Tschyf\u00e4r\u00e4-Zunft Tradition und geh\u00f6ren zum Spiel. Und Liniger erinnerte noch daran, dass man mit dem Motto &#8222;Wasser bewegt&#8220; von Thomas II. nicht sehr gut gefahren sei: &#8222;Nicht viel hat gefehlt bis zur Sintflut.&#8220; Es sei darum schon zu \u00fcberlegen, ob man einfach dem Vorschlag f\u00fcr einen Zunftmeister folgen soll. Vielleicht w\u00e4re es auch besser gewesen, statt eines Bierliebhabers einen Freund von gutem Wein oder von Prosecco zu w\u00e4hlen&#8230;.<\/p>\n<div id=\"attachment_7721\" style=\"width: 610px\" class=\"wp-caption alignnone\"><img loading=\"lazy\" decoding=\"async\" aria-describedby=\"caption-attachment-7721\" class=\" wp-image-7721\" title=\"Huby I. Kunz stellt die Fasnacht 2014 unter das Motto im Zauberwald\" alt=\"\" src=\"http:\/\/schoried.ch\/wpress4\/wp-content\/uploads\/2013\/11\/fasn_hubyI_301.jpg\" width=\"600\" height=\"400\" \/><p id=\"caption-attachment-7721\" class=\"wp-caption-text\">Huby verk\u00fcndet das Motto Zauberwald<\/p><\/div>\n<div id=\"attachment_7722\" style=\"width: 610px\" class=\"wp-caption alignnone\"><img loading=\"lazy\" decoding=\"async\" aria-describedby=\"caption-attachment-7722\" class=\" wp-image-7722 \" title=\"Huby I. Kunz stellt die Fasnacht 2014 unter das Motto im Zauberwald\" alt=\"\" src=\"http:\/\/schoried.ch\/wpress4\/wp-content\/uploads\/2013\/11\/fasn_hubyI_011.jpg\" width=\"600\" height=\"400\" \/><p id=\"caption-attachment-7722\" class=\"wp-caption-text\">Huby wird mit verbundenen Augen in den Saal gef\u00fchrt zur Tagsatzung<\/p><\/div>\n<div id=\"attachment_7723\" style=\"width: 610px\" class=\"wp-caption alignnone\"><img loading=\"lazy\" decoding=\"async\" aria-describedby=\"caption-attachment-7723\" class=\" wp-image-7723 \" title=\"Huby I. Kunz stellt die Fasnacht 2014 unter das Motto im Zauberwald\" alt=\"\" src=\"http:\/\/schoried.ch\/wpress4\/wp-content\/uploads\/2013\/11\/fasn_hubyI_211.jpg\" width=\"600\" height=\"400\" \/><p id=\"caption-attachment-7723\" class=\"wp-caption-text\">Huby wird eingekleidet<\/p><\/div>\n<div id=\"attachment_7724\" style=\"width: 610px\" class=\"wp-caption alignnone\"><img loading=\"lazy\" decoding=\"async\" aria-describedby=\"caption-attachment-7724\" class=\" wp-image-7724\" title=\"Huby I. Kunz stellt die Fasnacht 2014 unter das Motto im Zauberwald\" alt=\"\" src=\"http:\/\/schoried.ch\/wpress4\/wp-content\/uploads\/2013\/11\/fasn_hubyI_421.jpg\" width=\"600\" height=\"400\" \/><p id=\"caption-attachment-7724\" class=\"wp-caption-text\">In Hubys Zauberwald<\/p><\/div>\n<div id=\"attachment_7714\" style=\"width: 610px\" class=\"wp-caption alignnone\"><img loading=\"lazy\" decoding=\"async\" aria-describedby=\"caption-attachment-7714\" class=\"wp-image-7714 \" title=\"Huby Kunz (links) gratuliert Fr\u00e9dy II.\" alt=\"\" src=\"http:\/\/schoried.ch\/wpress4\/wp-content\/uploads\/2013\/11\/fredyII_zunftm_0491.jpg\" width=\"600\" height=\"400\" \/><p id=\"caption-attachment-7714\" class=\"wp-caption-text\">Hubi Kunz gratuliert im November 2011 dem neu gew\u00e4hlten Zunftmeister Fredy II.<\/p><\/div>\n<p>&nbsp;<\/p>\n<div id=\"attachment_7711\" style=\"width: 610px\" class=\"wp-caption alignnone\"><img loading=\"lazy\" decoding=\"async\" aria-describedby=\"caption-attachment-7711\" class=\" wp-image-7711 \" title=\"Er\u00f6ffnung der Fasnacht 2013 mit Thomas II.\" alt=\"\" src=\"http:\/\/schoried.ch\/wpress4\/wp-content\/uploads\/2013\/11\/faseroeff13_0531-1024x678.jpg\" width=\"600\" height=\"400\" \/><p id=\"caption-attachment-7711\" class=\"wp-caption-text\">Hubi Kunz ist 2014 Zunftmeister in Alpnach<\/p><\/div>\n<p>&nbsp;<\/p>\n<p>Hier finden Sie bald wieder eine Diaschau von der Tagsatzung vom 11.11.2013<\/p>\n<p><img decoding=\"async\" class=\"ngg_displayed_gallery mceItem\" alt=\"\" src=\"http:\/\/www.schoried.ch\/wpress2\/nextgen-attach_to_post\/preview\/id--9443\" \/><\/p>\n","protected":false},"excerpt":{"rendered":"<p>Die Fasnacht 2014 steht unter dem Motto &#8222;im Zauberwald&#8220; &#8211; das ist der Leitspruch von Huby Kunz. Dieser ist am Montag abend von der Tschyf\u00e4r\u00e4-Zunft Alpnach zum neuen Zunftmeister Huby I. und obersten Fasn\u00e4chtler f\u00fcr das n\u00e4chste Jahr gew\u00e4hlt worden&#8230;.<\/p>\n","protected":false},"author":1,"featured_media":7726,"comment_status":"open","ping_status":"closed","sticky":false,"template":"","format":"gallery","meta":{"footnotes":""},"categories":[4,8,13],"tags":[173,246,515],"class_list":["post-7708","post","type-post","status-publish","format-gallery","has-post-thumbnail","hentry","category-diverses","category-aus-dem-kulturellen-leben-alpnachs","category-hauptinformationen","tag-fasnacht","tag-hubi-i","tag-tschyfaerae-zunft","post_format-post-format-gallery"],"_links":{"self":[{"href":"https:\/\/schoried.ch\/wpress4\/index.php?rest_route=\/wp\/v2\/posts\/7708","targetHints":{"allow":["GET"]}}],"collection":[{"href":"https:\/\/schoried.ch\/wpress4\/index.php?rest_route=\/wp\/v2\/posts"}],"about":[{"href":"https:\/\/schoried.ch\/wpress4\/index.php?rest_route=\/wp\/v2\/types\/post"}],"author":[{"embeddable":true,"href":"https:\/\/schoried.ch\/wpress4\/index.php?rest_route=\/wp\/v2\/users\/1"}],"replies":[{"embeddable":true,"href":"https:\/\/schoried.ch\/wpress4\/index.php?rest_route=%2Fwp%2Fv2%2Fcomments&post=7708"}],"version-history":[{"count":0,"href":"https:\/\/schoried.ch\/wpress4\/index.php?rest_route=\/wp\/v2\/posts\/7708\/revisions"}],"wp:featuredmedia":[{"embeddable":true,"href":"https:\/\/schoried.ch\/wpress4\/index.php?rest_route=\/wp\/v2\/media\/7726"}],"wp:attachment":[{"href":"https:\/\/schoried.ch\/wpress4\/index.php?rest_route=%2Fwp%2Fv2%2Fmedia&parent=7708"}],"wp:term":[{"taxonomy":"category","embeddable":true,"href":"https:\/\/schoried.ch\/wpress4\/index.php?rest_route=%2Fwp%2Fv2%2Fcategories&post=7708"},{"taxonomy":"post_tag","embeddable":true,"href":"https:\/\/schoried.ch\/wpress4\/index.php?rest_route=%2Fwp%2Fv2%2Ftags&post=7708"}],"curies":[{"name":"wp","href":"https:\/\/api.w.org\/{rel}","templated":true}]}}