{"id":7278,"date":"2013-03-26T00:41:54","date_gmt":"2013-03-25T23:41:54","guid":{"rendered":"http:\/\/www.schoried.ch\/?p=7278"},"modified":"2013-03-26T00:41:54","modified_gmt":"2013-03-25T23:41:54","slug":"nun-kommen-doch-asylbewerber","status":"publish","type":"post","link":"https:\/\/schoried.ch\/wpress4\/?p=7278","title":{"rendered":"Nun kommen doch Asylbewerber"},"content":{"rendered":"<p><img loading=\"lazy\" decoding=\"async\" class=\"alignleft size-thumbnail wp-image-7054\" title=\"Truppenlager_3\" src=\"http:\/\/schoried.ch\/wpress4\/wp-content\/uploads\/2013\/01\/Truppenlager_31-150x99.jpg\" alt=\"\" width=\"150\" height=\"99\" \/>Im Truppenlager Kleine Schliere werden nun doch Asylbewerber untergebracht. Dies, obwohl die Korporation dem Bund die Unterkunft, die auf ihrem Grund und Boden steht, nicht zur Verf\u00fcgung stellen wollte. Der Bund fand eine M\u00f6glichkeit, trotzdem Alpnach auszuw\u00e4hlen: Die Aufenthaltsdauer wird als tempor\u00e4re Nutzung auf sechs Monate beschr\u00e4nkt.<\/p>\n<p><!--more--><\/p>\n<p>Wie das Bundesamt f\u00fcr Migration am Montag mitteilte, soll es in der Truppenunterkunft Kleine Schliere eine weitere Unterkunft der Armee f\u00fcr neu ankommende Asylsuchende geben. Das Lager sei dazu geeignet. Das VBS stelle dem Bundesamt das Lager zur Verf\u00fcgung. Es soll ab Sommer 2013 f\u00fcr sechs Monate betrieben werden, vorgesehen sind h\u00f6chstens 100 Asylsuchende. &#8222;Die rasche Bew\u00e4ltigung und priorit\u00e4re Behandlung der Asylgesuche wird durch die Er\u00f6ffnung von zus\u00e4tzlichen Bundesunterk\u00fcnften unterst\u00fctzt&#8220;, schreibt der Bund dazu. &#8222;Personen, die nicht in der Schweiz bleiben k\u00f6nnen, sollen grunds\u00e4tzlich nicht auf die Kantone verteilt und wieder rasch zur Ausreise gebracht werden.&#8220;<\/p>\n<p>&nbsp;<\/p>\n","protected":false},"excerpt":{"rendered":"<p>Im Truppenlager Kleine Schliere werden nun doch Asylbewerber untergebracht. Dies, obwohl die Korporation dem Bund die Unterkunft, die auf ihrem Grund und Boden steht, nicht zur Verf\u00fcgung stellen wollte. Der Bund fand eine M\u00f6glichkeit, trotzdem Alpnach auszuw\u00e4hlen: Die Aufenthaltsdauer wird&#8230;<\/p>\n","protected":false},"author":1,"featured_media":0,"comment_status":"open","ping_status":"closed","sticky":false,"template":"","format":"standard","meta":{"footnotes":""},"categories":[13],"tags":[],"class_list":["post-7278","post","type-post","status-publish","format-standard","hentry","category-hauptinformationen"],"_links":{"self":[{"href":"https:\/\/schoried.ch\/wpress4\/index.php?rest_route=\/wp\/v2\/posts\/7278","targetHints":{"allow":["GET"]}}],"collection":[{"href":"https:\/\/schoried.ch\/wpress4\/index.php?rest_route=\/wp\/v2\/posts"}],"about":[{"href":"https:\/\/schoried.ch\/wpress4\/index.php?rest_route=\/wp\/v2\/types\/post"}],"author":[{"embeddable":true,"href":"https:\/\/schoried.ch\/wpress4\/index.php?rest_route=\/wp\/v2\/users\/1"}],"replies":[{"embeddable":true,"href":"https:\/\/schoried.ch\/wpress4\/index.php?rest_route=%2Fwp%2Fv2%2Fcomments&post=7278"}],"version-history":[{"count":0,"href":"https:\/\/schoried.ch\/wpress4\/index.php?rest_route=\/wp\/v2\/posts\/7278\/revisions"}],"wp:attachment":[{"href":"https:\/\/schoried.ch\/wpress4\/index.php?rest_route=%2Fwp%2Fv2%2Fmedia&parent=7278"}],"wp:term":[{"taxonomy":"category","embeddable":true,"href":"https:\/\/schoried.ch\/wpress4\/index.php?rest_route=%2Fwp%2Fv2%2Fcategories&post=7278"},{"taxonomy":"post_tag","embeddable":true,"href":"https:\/\/schoried.ch\/wpress4\/index.php?rest_route=%2Fwp%2Fv2%2Ftags&post=7278"}],"curies":[{"name":"wp","href":"https:\/\/api.w.org\/{rel}","templated":true}]}}