{"id":7271,"date":"2013-03-28T12:00:07","date_gmt":"2013-03-28T11:00:07","guid":{"rendered":"http:\/\/www.schoried.ch\/?p=7271"},"modified":"2013-03-28T12:00:07","modified_gmt":"2013-03-28T11:00:07","slug":"bei-alpnach-persendlich-gehts-um-leben-und-tod","status":"publish","type":"post","link":"https:\/\/schoried.ch\/wpress4\/?p=7271","title":{"rendered":"Bei Alpnach persendlich gehts um &quot;Leben und Tod&quot;"},"content":{"rendered":"<p>Das Dutzend wird voll: Alpnach persendlich gastiert Ende April wieder in der reformierten Kirche. Gastgeberin Karin Klapproth empf\u00e4ngt den 48-j\u00e4hrigen Chef der Rettungsgruppe Sarneraatal und die 42-j\u00e4hrige Hebamme Susanne Leu. Im Gespr\u00e4ch wird es unter anderem auch stark um Leben und Tod gehen. Beide Gespr\u00e4chsteilnehmer h\u00e4tten auch etwas Mystisches und viel aus einem prallen Leben zu erz\u00e4hlen.<\/p>\n<p><!--more--><img loading=\"lazy\" decoding=\"async\" class=\"alignleft  wp-image-7274\" title=\"AP_MartinKuechler_2\" src=\"http:\/\/schoried.ch\/wpress4\/wp-content\/uploads\/2013\/03\/AP_MartinKuechler_21-134x150.jpg\" alt=\"\" width=\"96\" height=\"108\" \/>Martin K\u00fcchler, ein Alpnacher durch und durch, verheiratet und Vater von zwei Buben, hat mit einem Partner zusammen ein Informatikgesch\u00e4ft. Doch interessant wird er f\u00fcr die Begegnung vor allem mit seiner Passion, f\u00fcr die er an 365 Tagen w\u00e4hrend 24 Stunden auf Pikett ist: Er ist Rettungschef der Rettungsstation Sarneraatal, einer von 92 Stationen, die der alpinen Rettung Schweiz angeh\u00f6ren. Ein sehr breites Spektrum an Berufsleuten arbeitet in dieser Crew mit. Oft sind K\u00fcchler und seine Leute mit Tod oder Verletzung und vor allem Unerwartetem konfrontiert. Sie arbeiten eng mit der Rega und der Kantonspolizei zusammen sowie mit dem Milit\u00e4r. Der Job ist nicht gerade ehrenamtlich, aber reich kann man mit diesem Engagement auch nicht werden. K\u00fcchler wird unter anderem erz\u00e4hlen, welches Ritual ihm hilft, Erlebnisse zu verarbeiten.<\/p>\n<p>&nbsp;<\/p>\n<p><img loading=\"lazy\" decoding=\"async\" class=\"wp-image-7275 alignright\" title=\"AP_SusanneLeu\" src=\"http:\/\/schoried.ch\/wpress4\/wp-content\/uploads\/2013\/03\/AP_SusanneLeu1-145x150.jpg\" alt=\"\" width=\"104\" height=\"108\" \/><\/p>\n<p>Susanne Leu wird von Karin Klapproth als lebendig, spontan, herzlich und offen geschildert. Sie war fr\u00fcher Arztgehilfin,\u00a0 hat aber gesp\u00fcrt, dass sie sich umfassender einbringen m\u00f6chte in der Medizin und hat sich zur Hebamme weitergebildet. Sie ist heute frei schaffend in diesem Beruf t\u00e4tig. Aus diesem Berufsalltag wird es einiges zu erz\u00e4hlen geben. Die aus Rain stammende verheiratete Frau wird von traurigen und erfreulichen Momenten erz\u00e4hlen k\u00f6nnen, auch davon, wie sich die Medizin immer mehr in die Geburt, fr\u00fcher eine reine Frauensache, einmische. Frauen werde teilweise ihr Gef\u00fchl genommen, Geburten m\u00fcssten planbar sein, Kaiserschnitte und Wunschtermine sind das Thema. In der Freizeit liebt Leu die Natur und das Reisen. Sie wohnt seit drei Jahren in Alpnach.<\/p>\n<p>&nbsp;<\/p>\n<p>Der Anlass findet am Sonntag, 28.April 2013,\u00a0 statt. Beginn wie gewohnt 10.30 Uhr (T\u00fcr\u00f6ffnung 10.15 Uhr), um 11.30 Uhr gibt\u2019s einen Ap\u00e9ro (Motto: B\u00e4rlauch). Der Anlass wird von der Musikschule umrahmt.<\/p>\n<p>&nbsp;<\/p>\n","protected":false},"excerpt":{"rendered":"<p>Das Dutzend wird voll: Alpnach persendlich gastiert Ende April wieder in der reformierten Kirche. Gastgeberin Karin Klapproth empf\u00e4ngt den 48-j\u00e4hrigen Chef der Rettungsgruppe Sarneraatal und die 42-j\u00e4hrige Hebamme Susanne Leu. Im Gespr\u00e4ch wird es unter anderem auch stark um Leben&#8230;<\/p>\n","protected":false},"author":1,"featured_media":0,"comment_status":"open","ping_status":"closed","sticky":false,"template":"","format":"standard","meta":{"footnotes":""},"categories":[13],"tags":[],"class_list":["post-7271","post","type-post","status-publish","format-standard","hentry","category-hauptinformationen"],"_links":{"self":[{"href":"https:\/\/schoried.ch\/wpress4\/index.php?rest_route=\/wp\/v2\/posts\/7271","targetHints":{"allow":["GET"]}}],"collection":[{"href":"https:\/\/schoried.ch\/wpress4\/index.php?rest_route=\/wp\/v2\/posts"}],"about":[{"href":"https:\/\/schoried.ch\/wpress4\/index.php?rest_route=\/wp\/v2\/types\/post"}],"author":[{"embeddable":true,"href":"https:\/\/schoried.ch\/wpress4\/index.php?rest_route=\/wp\/v2\/users\/1"}],"replies":[{"embeddable":true,"href":"https:\/\/schoried.ch\/wpress4\/index.php?rest_route=%2Fwp%2Fv2%2Fcomments&post=7271"}],"version-history":[{"count":0,"href":"https:\/\/schoried.ch\/wpress4\/index.php?rest_route=\/wp\/v2\/posts\/7271\/revisions"}],"wp:attachment":[{"href":"https:\/\/schoried.ch\/wpress4\/index.php?rest_route=%2Fwp%2Fv2%2Fmedia&parent=7271"}],"wp:term":[{"taxonomy":"category","embeddable":true,"href":"https:\/\/schoried.ch\/wpress4\/index.php?rest_route=%2Fwp%2Fv2%2Fcategories&post=7271"},{"taxonomy":"post_tag","embeddable":true,"href":"https:\/\/schoried.ch\/wpress4\/index.php?rest_route=%2Fwp%2Fv2%2Ftags&post=7271"}],"curies":[{"name":"wp","href":"https:\/\/api.w.org\/{rel}","templated":true}]}}