{"id":7093,"date":"2013-01-20T12:54:41","date_gmt":"2013-01-20T11:54:41","guid":{"rendered":"http:\/\/www.schoried.ch\/?p=7093"},"modified":"2013-01-20T12:54:41","modified_gmt":"2013-01-20T11:54:41","slug":"budget-muss-gekuerzt-werden-volk-sagt-nein","status":"publish","type":"post","link":"https:\/\/schoried.ch\/wpress4\/?p=7093","title":{"rendered":"Budget muss gek\u00fcrzt werden: Volk sagt Nein"},"content":{"rendered":"<p><img loading=\"lazy\" decoding=\"async\" class=\"alignleft  wp-image-7092\" title=\"Budgetschere\" alt=\"\" src=\"http:\/\/schoried.ch\/wpress4\/wp-content\/uploads\/2013\/01\/Budgetschere1.jpg\" width=\"151\" height=\"109\" srcset=\"https:\/\/schoried.ch\/wpress4\/wp-content\/uploads\/2013\/01\/Budgetschere1.jpg 600w, https:\/\/schoried.ch\/wpress4\/wp-content\/uploads\/2013\/01\/Budgetschere1-300x214.jpg 300w\" sizes=\"auto, (max-width: 151px) 100vw, 151px\" \/>Das Alpnacher Stimmvolk lehnt das Budget 2013 ab. Der Entscheid fiel mit 759:663 Stimmen. Die Stimmbeteiligung betrug 36,8 Prozent. Gegen das Budget waren im Vorfeld der Abstimmung die SVP \u00a0&#8211; sie hatte die Unterschriften f\u00fcr die \u00dcberweisung des Gesch\u00e4fts an die Urne gesammelt &#8211; und die FDP gewesen. Ausl\u00f6ser der ganzen Diskussion war f\u00fcr die SVP der Kredit f\u00fcr die Tempo-30-Zonen in Alpnach. Die SVP reagiert mit &#8222;Genugtuung&#8220; auf das Ergebnis und fordert, dass nun auf jeden Fall das Geld f\u00fcr Tempo 30 aus dem Budget gestrichen wird. Der Gemeinderat wird sich nach Aussagen von Finanzchef Thomas K\u00fcchler am Dienstag zusammensetzen, das Budget \u00fcberarbeiten und auch entscheiden, wann erneut dar\u00fcber abgestimmt werden kann. \u00a0<span style=\"color: #ff0000;\">(Abschliessende Fassung)<\/span><\/p>\n<p><!--more-->Anders als in Sarnen vor einer Woche hat die SVP in Alpnach mit ihrem Antrag, das Budget abzulehnen, Erfolg gehabt. In Sarnen waren 1262 Ja (56 Prozent) und 973 Nein eingelegt worden. In Alpnach betr\u00e4gt der Ja-Stimmen-Anteil knapp 47 Prozent. CSP, CVP und SP hatten das Budget zur Annahme empfohlen.<\/p>\n<p>Das Budget muss nun \u00fcberarbeitet und erneut dem Volk vorgelegt werden. Die SVP hat im Vorfeld der Abstimmung angek\u00fcndigt, sie w\u00fcrde im Fall eines Neins konkrete Sparvorschl\u00e4ge machen. Wann eine zweite Abstimmung stattfindet, ist im Moment noch offen.<\/p>\n<div id=\"attachment_7110\" style=\"width: 510px\" class=\"wp-caption alignnone\"><img loading=\"lazy\" decoding=\"async\" aria-describedby=\"caption-attachment-7110\" class=\"size-full wp-image-7110\" title=\"Bilbiothek_Budget_web\" alt=\"\" src=\"http:\/\/schoried.ch\/wpress4\/wp-content\/uploads\/2013\/01\/Bilbiothek_Budget_web1.jpg\" width=\"500\" height=\"282\" srcset=\"https:\/\/schoried.ch\/wpress4\/wp-content\/uploads\/2013\/01\/Bilbiothek_Budget_web1.jpg 500w, https:\/\/schoried.ch\/wpress4\/wp-content\/uploads\/2013\/01\/Bilbiothek_Budget_web1-300x169.jpg 300w\" sizes=\"auto, (max-width: 500px) 100vw, 500px\" \/><p id=\"caption-attachment-7110\" class=\"wp-caption-text\">Bibliothek muss weiter auf die Anschaffung neuer B\u00fccher warten.<\/p><\/div>\n<p>Das Budget rechnete bei einem Gesamtaufwand von 22,7 mit einem Defizit von knapp 1,5 Millionen Franken.<\/p>\n<p>&#8222;Mit Genugtuung nimmt die <strong>SVP<\/strong> Alpnach vom Resultat der Abstimmung Kenntnis&#8220;, schreibt Parteipr\u00e4sident Werner Birrer in einer Medienmitteilung. &#8222;Mit der Ablehnung des Budgets ist die Bev\u00f6lkerung der Empfehlung der SVP gefolgt. Der Abstimmungserfolg ist insofern eindr\u00fccklich, weil die SVP Alpnach den Abstimmungskampf alleine f\u00fchren musste.&#8220;\u00a0Das Nein zeige, &#8222;dass die bisherige Politik der st\u00e4ndig ansteigenden Aufwand\u00fcbersch\u00fcsse und der fragw\u00fcrdigen Investitionen der Gemeinde keine Perspektive bietet.&#8220; Indirekt habe das Volk somit auch den Beitrag an Tempo 30 abgelehnt, findet die SVP und fordert, dass diese Investition aus dem Budget gestrichen wird.<\/p>\n<p>Man habe sich &#8222;keine Chance\u00a0ausgerechnet, das Budget und die mit dem Budget vorgelegten Investitionen an der Gemeindeversammlung wegen der\u00a0Untugend des \u201eAbnickens\u201c\u00a0korrigieren zu k\u00f6nnen&#8220;, weshalb man das Budget an die Urne verweisen wollte, heisst es weiter. Die SVP findet, es w\u00e4re logisch, wenn auch das \u00fcberarbeitete Budget wieder an der Urne dem Volk vorgelegt w\u00fcrde. Auf eine entsprechende Frage hatte Gemeindepr\u00e4sidentin Kathrin D\u00f6nni an der Orientierungsversammlung gesagt, der Entscheid sei noch nicht gefallen, aber man k\u00f6nne sich das vorstellen. Worauf Birrer konterte: &#8222;Das w\u00fcrde f\u00fcr mich etwas mehr Freizeit bedeuten.&#8220;<\/p>\n<p>Sollte das Budget dannzumal erneut abgelehnt werden, m\u00fcsste der Regierungsrat dar\u00fcber befinden.<\/p>\n<p>Das Ergebnis von Alpnach im Detail:<\/p>\n<table border=\"0\" cellspacing=\"1\" cellpadding=\"2\" bgcolor=\"#b3b6b5\">\n<tbody>\n<tr bgcolor=\"#e3e6e5\">\n<td valign=\"top\"><strong>Ja<\/strong><\/td>\n<td valign=\"top\"><strong>Nein<\/strong><\/td>\n<td valign=\"top\"><strong>Leer<\/strong><\/td>\n<td valign=\"top\"><strong>Ung\u00fcltig<\/strong><\/td>\n<\/tr>\n<tr bgcolor=\"#ffffff\">\n<td valign=\"top\">663<img loading=\"lazy\" decoding=\"async\" alt=\"\" src=\"http:\/\/www.sarnen.ch\/de\/images\/empty.gif\" width=\"20\" height=\"1\" border=\"\" \/><\/td>\n<td valign=\"top\">759<\/td>\n<td valign=\"top\">3<\/td>\n<td valign=\"top\">33<\/td>\n<td valign=\"top\"><img loading=\"lazy\" decoding=\"async\" style=\"color: #333333; font-family: Georgia, 'Times New Roman', 'Bitstream Charter', Times, serif; font-size: 13px; line-height: 19px;\" alt=\"\" src=\"http:\/\/www.sarnen.ch\/de\/images\/empty.gif\" width=\"1\" height=\"5\" border=\"\" \/><img loading=\"lazy\" decoding=\"async\" style=\"color: #333333; font-family: Georgia, 'Times New Roman', 'Bitstream Charter', Times, serif; font-size: 13px; line-height: 19px;\" alt=\"\" src=\"http:\/\/www.sarnen.ch\/de\/images\/empty.gif\" width=\"1\" height=\"5\" border=\"\" \/><\/td>\n<\/tr>\n<\/tbody>\n<\/table>\n<p>&nbsp;<\/p>\n<p>Finanz-Kennzahlen der Gemeinde in den vergangenen Jahren (Quelle: Gemeindekanzlei)<\/p>\n<table width=\"100%\" border=\"0\" cellspacing=\"0\" cellpadding=\"3\">\n<tbody>\n<tr>\n<td colspan=\"4\" valign=\"top\"><strong>Einwohnergemeinde Alpnach<\/strong><\/td>\n<\/tr>\n<tr>\n<td align=\"right\" valign=\"top\" bgcolor=\"#e5e5e5\"><strong>Jahr<\/strong><\/td>\n<td align=\"right\" valign=\"top\" bgcolor=\"#e5e5e5\"><strong>Aufwand<\/strong><\/td>\n<td align=\"right\" valign=\"top\" bgcolor=\"#e5e5e5\"><strong>Ertrag<\/strong><\/td>\n<td align=\"right\" valign=\"top\" bgcolor=\"#e5e5e5\"><strong>Ergebnis<\/strong><\/td>\n<\/tr>\n<tr>\n<td align=\"right\" valign=\"top\" bgcolor=\"#e5e5e5\">2007<\/td>\n<td align=\"right\" valign=\"top\" bgcolor=\"#e5e5e5\">18&#8217;096&#8217;613<\/td>\n<td align=\"right\" valign=\"top\" bgcolor=\"#e5e5e5\">19&#8217;255&#8217;121<\/td>\n<td align=\"right\" valign=\"top\" bgcolor=\"#e5e5e5\">+1&#8217;158&#8217;508<\/td>\n<\/tr>\n<tr>\n<td align=\"right\" valign=\"top\" bgcolor=\"#e5e5e5\">2008<\/td>\n<td align=\"right\" valign=\"top\" bgcolor=\"#e5e5e5\">19&#8217;270&#8217;879<\/td>\n<td align=\"right\" valign=\"top\" bgcolor=\"#e5e5e5\">18&#8217;664&#8217;336<\/td>\n<td align=\"right\" valign=\"top\" bgcolor=\"#e5e5e5\">-606&#8217;543<\/td>\n<\/tr>\n<tr>\n<td align=\"right\" valign=\"top\" bgcolor=\"#e5e5e5\">2009<\/td>\n<td align=\"right\" valign=\"top\" bgcolor=\"#e5e5e5\">19&#8217;544&#8217;369<\/td>\n<td align=\"right\" valign=\"top\" bgcolor=\"#e5e5e5\">18&#8217;675&#8217;483<\/td>\n<td align=\"right\" valign=\"top\" bgcolor=\"#e5e5e5\">-868&#8217;886<\/td>\n<\/tr>\n<tr>\n<td align=\"right\" valign=\"top\" bgcolor=\"#e5e5e5\">2010<\/td>\n<td align=\"right\" valign=\"top\" bgcolor=\"#e5e5e5\">18&#8217;604&#8217;190<\/td>\n<td align=\"right\" valign=\"top\" bgcolor=\"#e5e5e5\">19&#8217;927&#8217;708<\/td>\n<td align=\"right\" valign=\"top\" bgcolor=\"#e5e5e5\">+1&#8217;323&#8217;518<\/td>\n<\/tr>\n<tr>\n<td align=\"right\" valign=\"top\" bgcolor=\"#e5e5e5\">2011<\/td>\n<td align=\"right\" valign=\"top\" bgcolor=\"#e5e5e5\">21&#8217;211&#8217;033<\/td>\n<td align=\"right\" valign=\"top\" bgcolor=\"#e5e5e5\">20&#8217;196&#8217;492<\/td>\n<td align=\"right\" valign=\"top\" bgcolor=\"#e5e5e5\">-1&#8217;014&#8217;541<\/td>\n<\/tr>\n<tr>\n<td align=\"right\" valign=\"top\" bgcolor=\"#e5e5e5\"><em>2012<\/em><\/td>\n<td align=\"right\" valign=\"top\" bgcolor=\"#e5e5e5\"><em>21&#8217;947&#8217;850<\/em><\/td>\n<td align=\"right\" valign=\"top\" bgcolor=\"#e5e5e5\"><em>20&#8217;730&#8217;900<\/em><\/td>\n<td align=\"right\" valign=\"top\" bgcolor=\"#e5e5e5\">-1&#8217;216&#8217;950<\/td>\n<\/tr>\n<tr>\n<td align=\"right\" valign=\"top\" bgcolor=\"#e5e5e5\"><em>2013<\/em><\/td>\n<td align=\"right\" valign=\"top\" bgcolor=\"#e5e5e5\"><em>22&#8217;667&#8217;837<\/em><\/td>\n<td align=\"right\" valign=\"top\" bgcolor=\"#e5e5e5\"><em>21&#8217;213&#8217;300<\/em><\/td>\n<td align=\"right\" valign=\"top\" bgcolor=\"#e5e5e5\">\u00a0Budget -1&#8217;454&#8217;537<\/td>\n<\/tr>\n<\/tbody>\n<\/table>\n<p>&nbsp;<\/p>\n<p>&gt;&gt; <a href=\"http:\/\/www.schoried.ch\/2013\/01\/10\/50-interessierte-wollten-infos-zum-budget\/\">So lief die Orientierungsversammlung ab<\/a><\/p>\n<p>&nbsp;<\/p>\n","protected":false},"excerpt":{"rendered":"<p>Das Alpnacher Stimmvolk lehnt das Budget 2013 ab. Der Entscheid fiel mit 759:663 Stimmen. Die Stimmbeteiligung betrug 36,8 Prozent. Gegen das Budget waren im Vorfeld der Abstimmung die SVP \u00a0&#8211; sie hatte die Unterschriften f\u00fcr die \u00dcberweisung des Gesch\u00e4fts an&#8230;<\/p>\n","protected":false},"author":1,"featured_media":7092,"comment_status":"open","ping_status":"closed","sticky":false,"template":"","format":"standard","meta":{"footnotes":""},"categories":[9,13],"tags":[25,45,109,132,133,174,205,209,405,471,493],"class_list":["post-7093","post","type-post","status-publish","format-standard","has-post-thumbnail","hentry","category-aus-dem-politischen-leben-alpnachs","category-hauptinformationen","tag-abstimmung","tag-alpnach","tag-budget","tag-csp","tag-cvp","tag-fdp","tag-gemeinderat","tag-gemeindeversammlung","tag-politik","tag-sp","tag-svp"],"_links":{"self":[{"href":"https:\/\/schoried.ch\/wpress4\/index.php?rest_route=\/wp\/v2\/posts\/7093","targetHints":{"allow":["GET"]}}],"collection":[{"href":"https:\/\/schoried.ch\/wpress4\/index.php?rest_route=\/wp\/v2\/posts"}],"about":[{"href":"https:\/\/schoried.ch\/wpress4\/index.php?rest_route=\/wp\/v2\/types\/post"}],"author":[{"embeddable":true,"href":"https:\/\/schoried.ch\/wpress4\/index.php?rest_route=\/wp\/v2\/users\/1"}],"replies":[{"embeddable":true,"href":"https:\/\/schoried.ch\/wpress4\/index.php?rest_route=%2Fwp%2Fv2%2Fcomments&post=7093"}],"version-history":[{"count":0,"href":"https:\/\/schoried.ch\/wpress4\/index.php?rest_route=\/wp\/v2\/posts\/7093\/revisions"}],"wp:featuredmedia":[{"embeddable":true,"href":"https:\/\/schoried.ch\/wpress4\/index.php?rest_route=\/wp\/v2\/media\/7092"}],"wp:attachment":[{"href":"https:\/\/schoried.ch\/wpress4\/index.php?rest_route=%2Fwp%2Fv2%2Fmedia&parent=7093"}],"wp:term":[{"taxonomy":"category","embeddable":true,"href":"https:\/\/schoried.ch\/wpress4\/index.php?rest_route=%2Fwp%2Fv2%2Fcategories&post=7093"},{"taxonomy":"post_tag","embeddable":true,"href":"https:\/\/schoried.ch\/wpress4\/index.php?rest_route=%2Fwp%2Fv2%2Ftags&post=7093"}],"curies":[{"name":"wp","href":"https:\/\/api.w.org\/{rel}","templated":true}]}}