{"id":7088,"date":"2013-01-18T18:00:41","date_gmt":"2013-01-18T17:00:41","guid":{"rendered":"http:\/\/www.schoried.ch\/?p=7088"},"modified":"2013-01-18T18:00:41","modified_gmt":"2013-01-18T17:00:41","slug":"asylzentrum-gemeinderat-wehrte-sich-schon-im-august","status":"publish","type":"post","link":"https:\/\/schoried.ch\/wpress4\/?p=7088","title":{"rendered":"Asylzentrum: Gemeinderat wehrte sich schon im August"},"content":{"rendered":"<p><img loading=\"lazy\" decoding=\"async\" class=\"alignleft  wp-image-7055\" title=\"Truppenlager_4\" src=\"http:\/\/schoried.ch\/wpress4\/wp-content\/uploads\/2013\/01\/Truppenlager_41.jpg\" alt=\"\" width=\"180\" height=\"144\" srcset=\"https:\/\/schoried.ch\/wpress4\/wp-content\/uploads\/2013\/01\/Truppenlager_41.jpg 500w, https:\/\/schoried.ch\/wpress4\/wp-content\/uploads\/2013\/01\/Truppenlager_41-300x240.jpg 300w\" sizes=\"auto, (max-width: 180px) 100vw, 180px\" \/>Der Alpnacher Gemeinderat schreibt, er habe sich schon im August gegen ein Asylzentrum in der Unterkunft Kleine Schliere ausgesprochen. Auch wenn er sich heute\u00a0wegen einer neuen Gesetzeslage nicht mehr wehren k\u00f6nne, bleibe er bei seiner Haltung. Er iwll auch die Bev\u00f6lkerung in den Prozess einbeziehen und plant f\u00fcr M\u00e4rz eine Informationsveranstaltung. Offiziell habe der Gemeinderat kurz vor Weihnachten erfahren, dass der Bund das Zentrum in Alpnach plane. Das damals angek\u00fcndigte offizielle Schreiben traf dann am 11. Januar ein.<\/p>\n<p><!--more--><\/p>\n<p align=\"left\">&#8222;Der Alpnacher Gemeinderat erachtet die Umnutzung der Truppenunterkunft Kleine Schliere als Asylunterkunft des Bundes auf Grund der Lage mitten im Dorf als ungeeignet&#8220;,heisst es klar in der Medienmitteilung, die er gestern verschickte.\u00a0Das habe man dem Bund schon im Augst 20112 mitgeteilt. Das VBS hatte dias Truppenlager im Mai\u00a02012 besucht und gepr\u00fcft.<\/p>\n<p align=\"left\">Der Gemeinderat bleibe bei seiner Haltung, die er bereits vergangenen August dem Bund mitgeteilt habe, es sei jedoch damit zu rechnen, dass der das Vorhaben durchsetze. Die Gemeinde kann bis Mitte Februar eine Stellungnahme abgeben. Dann will der Bund das\u00a0Betreuungs- und Sicherheitskonzept unterbreiten und den Gemeinderat. Die Verhandlungen mit der Gemeinde sollen bis Ende M\u00e4rz abgeschlossen sein. Der Rat habe in der Zwischenzeit die Bildung einer Begleitgruppe in die Wege geleitet. Vertreter von Anwohnerschaft, Schule, Gewerbe, Grundeigent\u00fcmer, Ortsparteien sowie Kantonspolizei und Gemeinderat sollen den Prozess begleiten und\u00a0 gew\u00e4hrleisten, dass den Anliegen, Bef\u00fcrchtungen und Forderungen der Gemeinde, insbesondere bez\u00fcglich der Sicherheitsaspekte, gen\u00fcgend Rechnung getragen werde. Im M\u00e4rz soll eine\u00a0\u00f6ffentliche Informationsveranstaltung stattfinden. Ferner plant der Gemeinderat eine Informationsplattform im Internet<\/p>\n<p align=\"left\">So lief es aus Sicht der Gemeinde ab:<\/p>\n<ul>\n<li>\n<div align=\"left\">16. Mai 2012: Das VBS besichtigt das Truppenlager Kleine Schliere.<\/div>\n<\/li>\n<li>\n<div align=\"left\">6. Juli 21012: Der Bund wird bei der Gemeinde vorstellig. Es ist die Rede von einer Asylunterkunft f\u00fcr 6 Monate.<\/div>\n<\/li>\n<li>\n<div align=\"left\">27. August 2012: Der Gemeinderat lehnt eine Umnutzung des Truppenlagers ab<\/div>\n<\/li>\n<li>26. September 2012: Der Gemeinderat l\u00e4sst die m\u00f6gliche Umnutzung von den Ortsparteien diskutieren.<\/li>\n<li>28. September 2012: Das Bundesparlament \u00e4ndert das Gesetz: Bundeseigene Bauten d\u00fcrfen f\u00fcr Asylzwecke w\u00e4hrend 3 Jahren ohne Zustimmung von Kanton und Gemeinde genutzt werden<\/li>\n<li>20. Dezember 2012: Die Gemeindepr\u00e4sidentin erf\u00e4hrt von der geplanten Nutzung des Truppenlagers f\u00fcr Asylzwecke ab Juni 2013<\/li>\n<li>11. Januar 2013: Das angek\u00fcndigte Schreiben des Bundes trifft ein, die Gemeinde informiert.<\/li>\n<\/ul>\n<p>&gt;&gt; <a href=\"http:\/\/www.schoried.ch\/2013\/01\/11\/bund-plant-in-alpnach-ein-asylzentrum\/\">Was bisher bekannt war\u00a0<\/a><\/p>\n","protected":false},"excerpt":{"rendered":"<p>Der Alpnacher Gemeinderat schreibt, er habe sich schon im August gegen ein Asylzentrum in der Unterkunft Kleine Schliere ausgesprochen. Auch wenn er sich heute\u00a0wegen einer neuen Gesetzeslage nicht mehr wehren k\u00f6nne, bleibe er bei seiner Haltung. Er iwll auch die&#8230;<\/p>\n","protected":false},"author":1,"featured_media":0,"comment_status":"open","ping_status":"closed","sticky":false,"template":"","format":"standard","meta":{"footnotes":""},"categories":[13],"tags":[45,63,67,205,385,405],"class_list":["post-7088","post","type-post","status-publish","format-standard","hentry","category-hauptinformationen","tag-alpnach","tag-armee","tag-asylzentrum","tag-gemeinderat","tag-parteien","tag-politik"],"_links":{"self":[{"href":"https:\/\/schoried.ch\/wpress4\/index.php?rest_route=\/wp\/v2\/posts\/7088","targetHints":{"allow":["GET"]}}],"collection":[{"href":"https:\/\/schoried.ch\/wpress4\/index.php?rest_route=\/wp\/v2\/posts"}],"about":[{"href":"https:\/\/schoried.ch\/wpress4\/index.php?rest_route=\/wp\/v2\/types\/post"}],"author":[{"embeddable":true,"href":"https:\/\/schoried.ch\/wpress4\/index.php?rest_route=\/wp\/v2\/users\/1"}],"replies":[{"embeddable":true,"href":"https:\/\/schoried.ch\/wpress4\/index.php?rest_route=%2Fwp%2Fv2%2Fcomments&post=7088"}],"version-history":[{"count":0,"href":"https:\/\/schoried.ch\/wpress4\/index.php?rest_route=\/wp\/v2\/posts\/7088\/revisions"}],"wp:attachment":[{"href":"https:\/\/schoried.ch\/wpress4\/index.php?rest_route=%2Fwp%2Fv2%2Fmedia&parent=7088"}],"wp:term":[{"taxonomy":"category","embeddable":true,"href":"https:\/\/schoried.ch\/wpress4\/index.php?rest_route=%2Fwp%2Fv2%2Fcategories&post=7088"},{"taxonomy":"post_tag","embeddable":true,"href":"https:\/\/schoried.ch\/wpress4\/index.php?rest_route=%2Fwp%2Fv2%2Ftags&post=7088"}],"curies":[{"name":"wp","href":"https:\/\/api.w.org\/{rel}","templated":true}]}}