{"id":7043,"date":"2013-01-11T11:54:02","date_gmt":"2013-01-11T10:54:02","guid":{"rendered":"http:\/\/www.schoried.ch\/?p=7043"},"modified":"2013-01-11T11:54:02","modified_gmt":"2013-01-11T10:54:02","slug":"bund-plant-in-alpnach-ein-asylzentrum","status":"publish","type":"post","link":"https:\/\/schoried.ch\/wpress4\/?p=7043","title":{"rendered":"Bund plant in Alpnach ein Asylzentrum"},"content":{"rendered":"<p><img loading=\"lazy\" decoding=\"async\" class=\"alignleft size-full wp-image-7054\" title=\"Truppenlager_3\" src=\"http:\/\/schoried.ch\/wpress4\/wp-content\/uploads\/2013\/01\/Truppenlager_31.jpg\" alt=\"\" width=\"180\" height=\"119\" \/>Ab Juni wird das Truppenlager Kleine Schliere in Alpnach f\u00fcr maximal drei Jahre zu einer Unterkunft f\u00fcr Asylbewerber. Der Bund habe den Gemeinderat \u00fcber diese Absicht schriftlich orientiert. Dieser bef\u00fcrchtet, kaum eine M\u00f6glichkeit zu haben, sich zu wehren, er werde sich aber &#8222;f\u00fcr optimale Rahmenbedingungen einsetzen&#8220;, schreibt er in einer Mitteilung.<br \/>\n<!--more-->Der Bund will die Unterkunft an der Kleinen Schliere als Bundeszentrum\u00a0f\u00fcr Asylsuchende nutzen.\u00a0Im Rahmen des Auftrages des Bundesrates an das VBS, m\u00f6gliche Armeeunterk\u00fcnfte zur befristeten Umnutzung als Asylunterkunft zu nutzen, wurde auch das Truppenlager Kleine Schliere \u00fcberpr\u00fcft. Das VBS erachte dieses als geeignet und entschied, das Lager als Asylunterkunft zu nutzen. &#8222;Zum heutigen Zeitpunkt ist geplant, gleichzeitig h\u00f6chstens 100 Asylsuchende unterzubringen&#8220;, schreibt der Gemeinderat. Gebaut worden ist die Unterkunft vom Bund seinerzeit f\u00fcr 180 Personen.<\/p>\n<p><img loading=\"lazy\" decoding=\"async\" class=\"alignnone size-full wp-image-7055\" title=\"Truppenlager_4\" src=\"http:\/\/schoried.ch\/wpress4\/wp-content\/uploads\/2013\/01\/Truppenlager_41.jpg\" alt=\"\" width=\"500\" height=\"400\" srcset=\"https:\/\/schoried.ch\/wpress4\/wp-content\/uploads\/2013\/01\/Truppenlager_41.jpg 500w, https:\/\/schoried.ch\/wpress4\/wp-content\/uploads\/2013\/01\/Truppenlager_41-300x240.jpg 300w\" sizes=\"auto, (max-width: 500px) 100vw, 500px\" \/><\/p>\n<p>Weiter steht in der Mitteilung der Gemeinde: &#8222;Nach dem Entscheid des Bundesparlaments von Ende September 2012 ist eine Umnutzung milit\u00e4rischer Unterk\u00fcnfte f\u00fcr\u00a0die genannte Zeitdauer ohne kantonale oder kommunale Bewilligung durchsetzbar. Eine Zustimmung der betroffenen Gemeinde braucht es somit nicht.\u00a0Der Gemeinderat Alpnach hat von diesem Entscheid Kenntnis genommen. Er hat\u00a0die M\u00f6glichkeit, eine Stellungnahme abzugeben. Der Gemeinderat bef\u00fcrchtet,\u00a0dass auf Grund der Ende September 2012 in Kraft getretenen Gesetzesgrundlage\u00a0keine M\u00f6glichkeit gegeben ist, dagegen zu opponieren. Er wird sich im Rahmen\u00a0der Stellungnahme jedoch f\u00fcr optimale Rahmenbedingungen einsetzen und vom\u00a0Bund ein den Gegebenheiten entsprechendes Sicherheits- und Betreuungskonzept f\u00fcr das Bundesasylzentrum verlangen. Die konkreten Anliegen werden zu<br \/>\nkl\u00e4ren sein.&#8220;<\/p>\n<p><img loading=\"lazy\" decoding=\"async\" class=\"alignnone size-full wp-image-7053\" title=\"Truppenlager_2\" src=\"http:\/\/schoried.ch\/wpress4\/wp-content\/uploads\/2013\/01\/Truppenlager_21.jpg\" alt=\"\" width=\"500\" height=\"214\" srcset=\"https:\/\/schoried.ch\/wpress4\/wp-content\/uploads\/2013\/01\/Truppenlager_21.jpg 500w, https:\/\/schoried.ch\/wpress4\/wp-content\/uploads\/2013\/01\/Truppenlager_21-300x128.jpg 300w\" sizes=\"auto, (max-width: 500px) 100vw, 500px\" \/><\/p>\n<p>Das Truppenlager ist bisher auch an zivile und ausserdienstliche Organisationen (z.B. Lager) vermietet worden. Es figuriert nach wie vor auf einem entsprechenden Blatt des VBS.<\/p>\n<p>SVP-Pr\u00e4sident Werner Birrer schreibt in einer Mitteilung, er finde den Entscheid &#8222;eine skandal\u00f6se Ohrfeige der Bundespolitik.\u00a0Der weit verbreitete Widerstand der Bev\u00f6lkerung gegen Asylunterk\u00fcnfte \u2013 insbesondere in Dorfn\u00e4he &#8211; wird durch den Entscheid des Bundesparlamentes in Bern sinnbildlich &lt;niedergekn\u00fcppelt&gt;&#8220;.<\/p>\n<p>&gt;&gt; <a href=\"http:\/\/www.vbs.admin.ch\/internet\/vbs\/de\/home\/themen\/asyl\/medienmitteilungen.html\" target=\"_blank\">Aktuelle Infos des VBS zur Asylsituation<\/a><\/p>\n<p>&nbsp;<\/p>\n","protected":false},"excerpt":{"rendered":"<p>Ab Juni wird das Truppenlager Kleine Schliere in Alpnach f\u00fcr maximal drei Jahre zu einer Unterkunft f\u00fcr Asylbewerber. Der Bund habe den Gemeinderat \u00fcber diese Absicht schriftlich orientiert. Dieser bef\u00fcrchtet, kaum eine M\u00f6glichkeit zu haben, sich zu wehren, er werde&#8230;<\/p>\n","protected":false},"author":1,"featured_media":0,"comment_status":"open","ping_status":"closed","sticky":false,"template":"","format":"standard","meta":{"footnotes":""},"categories":[4,9,13],"tags":[63,66,110,205,353,405,526],"class_list":["post-7043","post","type-post","status-publish","format-standard","hentry","category-diverses","category-aus-dem-politischen-leben-alpnachs","category-hauptinformationen","tag-armee","tag-asylwesen","tag-bund","tag-gemeinderat","tag-miltiaer","tag-politik","tag-vbs"],"_links":{"self":[{"href":"https:\/\/schoried.ch\/wpress4\/index.php?rest_route=\/wp\/v2\/posts\/7043","targetHints":{"allow":["GET"]}}],"collection":[{"href":"https:\/\/schoried.ch\/wpress4\/index.php?rest_route=\/wp\/v2\/posts"}],"about":[{"href":"https:\/\/schoried.ch\/wpress4\/index.php?rest_route=\/wp\/v2\/types\/post"}],"author":[{"embeddable":true,"href":"https:\/\/schoried.ch\/wpress4\/index.php?rest_route=\/wp\/v2\/users\/1"}],"replies":[{"embeddable":true,"href":"https:\/\/schoried.ch\/wpress4\/index.php?rest_route=%2Fwp%2Fv2%2Fcomments&post=7043"}],"version-history":[{"count":0,"href":"https:\/\/schoried.ch\/wpress4\/index.php?rest_route=\/wp\/v2\/posts\/7043\/revisions"}],"wp:attachment":[{"href":"https:\/\/schoried.ch\/wpress4\/index.php?rest_route=%2Fwp%2Fv2%2Fmedia&parent=7043"}],"wp:term":[{"taxonomy":"category","embeddable":true,"href":"https:\/\/schoried.ch\/wpress4\/index.php?rest_route=%2Fwp%2Fv2%2Fcategories&post=7043"},{"taxonomy":"post_tag","embeddable":true,"href":"https:\/\/schoried.ch\/wpress4\/index.php?rest_route=%2Fwp%2Fv2%2Ftags&post=7043"}],"curies":[{"name":"wp","href":"https:\/\/api.w.org\/{rel}","templated":true}]}}