{"id":6982,"date":"2013-01-07T20:35:22","date_gmt":"2013-01-07T19:35:22","guid":{"rendered":"http:\/\/www.schoried.ch\/?p=6982"},"modified":"2013-01-07T20:35:22","modified_gmt":"2013-01-07T19:35:22","slug":"drei-parteien-fuers-budget-zwei-dagegen","status":"publish","type":"post","link":"https:\/\/schoried.ch\/wpress4\/?p=6982","title":{"rendered":"Drei Parteien f\u00fcrs Budget, zwei dagegen"},"content":{"rendered":"<p><img loading=\"lazy\" decoding=\"async\" class=\"alignleft size-full wp-image-6873\" title=\"Calculator\" alt=\"\" src=\"http:\/\/schoried.ch\/wpress4\/wp-content\/uploads\/2012\/11\/Calculator1.png\" width=\"102\" height=\"102\" \/>Am 20. Januar stimmt Alpnach \u00fcber das Budget 2013 ab. N\u00f6tig ist das, weil die SVP das Gesch\u00e4ft von der Gemeindeversammlung an die Urne verwiesen hat, \u00a0indem sie die daf\u00fcr n\u00f6tigen Unterschriften sammelte. Mittlerweile ist bekannt, dass auch die FDP das Budget &#8222;ihres&#8220; Finanzchefs Thomas K\u00fcchler ablehnt. Die CVP sagt &#8222;Ja, aber&#8220; dazu, CSP und SP sagen Ja. Am <strong>Mittwoch, 9. Januar<\/strong>\u00a0findet zur Abstimmung im Singsaal ab 19.30 Uhr eine \u00f6ffentliche Information des Gemeinderates statt.<\/p>\n<p><!--more--><\/p>\n<p>Hauptargument gegen das Budget ist f\u00fcr die <strong>SVP<\/strong> von Anfang der darin enthaltene Kredit f\u00fcr Tempo 30 in Alpnach. &#8222;Statt vorausschauend zu planen und entsprechend zu haushalten, werden fragw\u00fcrdige und teure Investitionen get\u00e4tigt und geplant wie z.B.\u00a0unglaubliche 300\u2018000 Franken f\u00fcr Tempo-30 \u2013Zonen\u00a0&#8211; in einem Dorf ohne ortsfremden Verkehr, das durch die meist schmalen Strassen (Gassen) bereits verkehrsberuhigt ist&#8220;, heisst es dazu auf der Webseite der Partei. 5 Defizite in 6 Jahren, so k\u00f6nne es nicht weitergehen. Diese Entwicklung m\u00fcsse nun gestoppt werden.<\/p>\n<p>Die <strong>FDP<\/strong> schreibt: &#8222;Nach Analyse der Situation der vergangenen Jahre\u00a0und im Hinblick auf die Entwicklung in den kommenden Jahren sind wir zum Schluss\u00a0gekommen, dass das Budget 2013 nochmals \u00fcberarbeitet werden sollte.&#8220; Sie empfiehlt darum ein Nein zum Budget.<\/p>\n<p>Die <strong>CVP<\/strong> hat sich f\u00fcr ein &#8222;Ja, aber&#8230;&#8220; entschieden.\u00a0&#8222;Obwohl das vom Gemeinderat dem Stimmvolk vorgelegte Budget alles andere als erfreulich ist, wird seine Ablehnung aber kaum zur L\u00f6sung der finanziellen und strukturellen Probleme der Gemeinde beitragen&#8220;, schreibt die Partei. Sie findet, dass man nicht wegen unterschiedlicher Meinungen zu einzelnen Positionen ein ganzes Budget ablehnen solle, derweil man ja an der Gemeindeversammlung Korrekturen h\u00e4tte anbringen k\u00f6nnen &#8211; wenn das Budget nicht an die Urne verwiesen worden w\u00e4re. Die CVP fordert jedoch gleichzeitig mit ihrem Ja &#8222;nachdr\u00fccklich vom Gemeinderat, dass sp\u00e4testens bis zum Start des Budgetprozesses 2014 die rollende integrierte Aufgaben- und Finanzplanung eingef\u00fchrt ist.&#8220; Nur so sei es m\u00f6glich, sinnvoll die Gesundung der Finanzen anzupacken. \u00a0Die\u00a0<strong>CSP <\/strong>schrieb im letzten &#8222;Blettli&#8220;, sie unterst\u00fctze das Budget. Es beruhe &#8222;auf sorgf\u00e4ltiger\u00a0Arbeit und f\u00fcr sehr viele Aufwendungen besteht durch\u00a0gesetzliche Vorgaben kein Spielraum.&#8220; Es brauche aber\u00a0eine fundierte und durchaus auch kritische Auseinandersetzung\u00a0mit den Finanzen und Aufgaben in der Gemeinde. Insbesondere ein Punkt ist ihr wichtig: &#8222;Wir brauchen\u00a0eine sorgf\u00e4ltige und mehrj\u00e4hrige Finanz- und Aufgabenplanung.&#8220;<\/p>\n<p>Die <strong>SP<\/strong> sagt Ja zum Budget. Sie schl\u00e4gt f\u00fcr 2014 vor, die Steuersenkung von 2008 wieder aufzuheben, um den Voranschlag wieder ausgeglichen gestalten zu k\u00f6nnen. &#8222;Andererseits ist die heutige\u00a0Abschreibungspraxis zu hinterfragen. Die ordentlichen\u00a0Abschreibungen sind mit 3&#8217;253&#8217;600.\u2013 veranschlagt, im\u00a0Vorjahr waren es nur Fr. 2\u2019280&#8217;200.\u2013&#8220;, schreibt die SP.<\/p>\n<p><strong>Droht der Gemeinde die &#8222;Bevormdundung&#8220;?<\/strong><\/p>\n<p>Die Gemeinde darf vorderhand gebundene Ausgaben weiterhin t\u00e4tigen, auch wenn kein genehmigtes Budget besteht. Das kantonale Finanzhaushaltsgesetz schreibt dazu: &#8222;Liegt am 1. Januar noch kein Budget vor, so ist der \u00a0Gemeinderat erm\u00e4chtigt, die f\u00fcr die ordentliche Staatst\u00e4tigkeit notwendigen Ausgaben zu t\u00e4tigen.&#8220; Prek\u00e4rer w\u00fcrde es, falls das Budget jetzt und auch ein \u00fcberarbeitetes zweites abgelehnt w\u00fcrde. Dazu h\u00e4lt das gleiche Gesetz fest: &#8222;Wird das Budget der Gemeinde an einer zweiten Abstimmung erneut abgelehnt, so unterbreitet der Gemeinderat das Budget dem Regierungsrat zur Festlegung.&#8220; Die Regierung m\u00fcsste dann entscheiden, welches Budget f\u00fcr die Gemeinde gilt.<\/p>\n<p><strong>Die Kennzahlen des Budgets<\/strong><\/p>\n<p>Wor\u00fcber wird abgestimmt? Der Gemeinderat legt ein Budget mit einem Aufwand von 22,7 Millionen Franken und einem Aufwand\u00fcberschuss von 1,5 Millionen Franken vor. Der Gesamtaufwand gegen\u00fcber 2012 steige um 720&#8217;000 Franken, der Gesamtertrag um 482&#8217;000 Franken. Der Gemeinderat stellt in Aussicht, sich im Rahmen der Planung 2012\/2016 damit auseinanderzusetzen, &#8222;wie dieser Entwicklung langfristig und nachhaltig entgegengewirkt werden kann&#8220;. Er selber findet das budget &#8222;keineswegs erfreulich&#8220; und findet, &#8222;eine Besserung ist ohne flankierende Massnahmen nicht in Sicht&#8220;.<\/p>\n<p>&gt;&gt; <a href=\"http:\/\/www.schoried.ch\/2012\/11\/09\/gemeinderat-budgetiert-2013-ein-defizit\/\">Mehr zum Thema Budget<\/a><\/p>\n<p>&nbsp;<\/p>\n<p>&nbsp;<\/p>\n","protected":false},"excerpt":{"rendered":"<p>Am 20. Januar stimmt Alpnach \u00fcber das Budget 2013 ab. N\u00f6tig ist das, weil die SVP das Gesch\u00e4ft von der Gemeindeversammlung an die Urne verwiesen hat, \u00a0indem sie die daf\u00fcr n\u00f6tigen Unterschriften sammelte. Mittlerweile ist bekannt, dass auch die FDP&#8230;<\/p>\n","protected":false},"author":1,"featured_media":6873,"comment_status":"open","ping_status":"closed","sticky":false,"template":"","format":"standard","meta":{"footnotes":""},"categories":[13],"tags":[25,109,132,133,137,174,205,209,471,481,493,503,523],"class_list":["post-6982","post","type-post","status-publish","format-standard","has-post-thumbnail","hentry","category-hauptinformationen","tag-abstimmung","tag-budget","tag-csp","tag-cvp","tag-defizit","tag-fdp","tag-gemeinderat","tag-gemeindeversammlung","tag-sp","tag-steuern","tag-svp","tag-thomas-kuechler","tag-urne"],"_links":{"self":[{"href":"https:\/\/schoried.ch\/wpress4\/index.php?rest_route=\/wp\/v2\/posts\/6982","targetHints":{"allow":["GET"]}}],"collection":[{"href":"https:\/\/schoried.ch\/wpress4\/index.php?rest_route=\/wp\/v2\/posts"}],"about":[{"href":"https:\/\/schoried.ch\/wpress4\/index.php?rest_route=\/wp\/v2\/types\/post"}],"author":[{"embeddable":true,"href":"https:\/\/schoried.ch\/wpress4\/index.php?rest_route=\/wp\/v2\/users\/1"}],"replies":[{"embeddable":true,"href":"https:\/\/schoried.ch\/wpress4\/index.php?rest_route=%2Fwp%2Fv2%2Fcomments&post=6982"}],"version-history":[{"count":0,"href":"https:\/\/schoried.ch\/wpress4\/index.php?rest_route=\/wp\/v2\/posts\/6982\/revisions"}],"wp:featuredmedia":[{"embeddable":true,"href":"https:\/\/schoried.ch\/wpress4\/index.php?rest_route=\/wp\/v2\/media\/6873"}],"wp:attachment":[{"href":"https:\/\/schoried.ch\/wpress4\/index.php?rest_route=%2Fwp%2Fv2%2Fmedia&parent=6982"}],"wp:term":[{"taxonomy":"category","embeddable":true,"href":"https:\/\/schoried.ch\/wpress4\/index.php?rest_route=%2Fwp%2Fv2%2Fcategories&post=6982"},{"taxonomy":"post_tag","embeddable":true,"href":"https:\/\/schoried.ch\/wpress4\/index.php?rest_route=%2Fwp%2Fv2%2Ftags&post=6982"}],"curies":[{"name":"wp","href":"https:\/\/api.w.org\/{rel}","templated":true}]}}