{"id":6179,"date":"2012-05-19T13:17:59","date_gmt":"2012-05-19T11:17:59","guid":{"rendered":"http:\/\/www.schoried.ch\/?p=6179"},"modified":"2012-05-19T13:17:59","modified_gmt":"2012-05-19T11:17:59","slug":"kahrin-doenni-ist-gemeindepraesidentin","status":"publish","type":"post","link":"https:\/\/schoried.ch\/wpress4\/?p=6179","title":{"rendered":"Kathrin D\u00f6nni ist Gemeindepr\u00e4sidentin"},"content":{"rendered":"<p><a href=\"http:\/\/www.schoried.ch\/2012\/03\/11\/wer-wird-oder-bleibt-gemeinderat\/wahl2012_doennekathrin\/\" rel=\"attachment wp-att-5710\"><img loading=\"lazy\" decoding=\"async\" class=\"size-full wp-image-5710 alignleft\" title=\"wahl2012_doennekathrin\" src=\"http:\/\/schoried.ch\/wpress4\/wp-content\/uploads\/2012\/03\/wahl2012_doennekathrin1.jpg\" alt=\"\" width=\"180\" height=\"180\" srcset=\"https:\/\/schoried.ch\/wpress4\/wp-content\/uploads\/2012\/03\/wahl2012_doennekathrin1.jpg 180w, https:\/\/schoried.ch\/wpress4\/wp-content\/uploads\/2012\/03\/wahl2012_doennekathrin1-150x150.jpg 150w\" sizes=\"auto, (max-width: 180px) 100vw, 180px\" \/><\/a>Die neue Gemeindepr\u00e4sidentin von Alpnach heisst Kathrin D\u00f6nni (CVP). Sie wurde am Sonntag\u00a0klar \u00a0in dieses Amt als Nachfolgerin von Michael Siegrist (gew\u00e4hlt). Es war der zweite Wahlgang. Sie hatte bereits im ersten das beste Wahlergebnis gemacht, das absolute Mehr damals aber um 14 Stimmen verpasst. Der dritte Kandidat Thomas K\u00fcchler FDP) &#8211; bishe Vizepr\u00e4sident -hatte sich nach dem ersten Wahlgang mit dem um ein paar Stimmen schlechteren Resultat als Thomas Wallimann (parteilos\/CSP) zur\u00fcckgezogen. Bereits fr\u00fcher neu als Vizepr\u00e4sidentin gew\u00e4hlt worden ist in stiller Wahl Sibylle Wallimann (CSP). Die Gemeinde Alpnach wird somit von einem Frauenduo gef\u00fchrt.<\/p>\n<p>Die Ergebnisse des zweiten Wahlgangs im Detail:<\/p>\n<p>Kathrin D\u00f6nni, 1103 Stimmen<br \/>\nThomas Wallimann, 458 Stimmen<br \/>\nWahlbeteligung 42 Prozent<\/p>\n<p>&gt;&gt; <a title=\"Noch kein Gemeindepr\u00e4sident gew\u00e4hlt\" href=\"http:\/\/www.schoried.ch\/2012\/04\/22\/noch-kein-gemeindepraesident-gewaehlt\/\">Zum ersten Wahlgang<\/a><\/p>\n<p>&gt;&gt; <a title=\"Sibylle Wallimann ist neue Vizepr\u00e4sidentin\" href=\"http:\/\/www.schoried.ch\/2012\/04\/26\/es-bleibt-eine-kampfwahl\/\">Wallimann ist Vizepr\u00e4sidentin<\/a><\/p>\n<p>&nbsp;<\/p>\n","protected":false},"excerpt":{"rendered":"<p>Die neue Gemeindepr\u00e4sidentin von Alpnach heisst Kathrin D\u00f6nni (CVP). Sie wurde am Sonntag\u00a0klar \u00a0in dieses Amt als Nachfolgerin von Michael Siegrist (gew\u00e4hlt). Es war der zweite Wahlgang. Sie hatte bereits im ersten das beste Wahlergebnis gemacht, das absolute Mehr damals&#8230;<\/p>\n","protected":false},"author":1,"featured_media":0,"comment_status":"open","ping_status":"closed","sticky":false,"template":"","format":"standard","meta":{"footnotes":""},"categories":[9,10,13],"tags":[133,202,205,291,505],"class_list":["post-6179","post","type-post","status-publish","format-standard","hentry","category-aus-dem-politischen-leben-alpnachs","category-schoried","category-hauptinformationen","tag-cvp","tag-gemeindepraesident","tag-gemeinderat","tag-kathrin-doenni","tag-thomas-wallimann"],"_links":{"self":[{"href":"https:\/\/schoried.ch\/wpress4\/index.php?rest_route=\/wp\/v2\/posts\/6179","targetHints":{"allow":["GET"]}}],"collection":[{"href":"https:\/\/schoried.ch\/wpress4\/index.php?rest_route=\/wp\/v2\/posts"}],"about":[{"href":"https:\/\/schoried.ch\/wpress4\/index.php?rest_route=\/wp\/v2\/types\/post"}],"author":[{"embeddable":true,"href":"https:\/\/schoried.ch\/wpress4\/index.php?rest_route=\/wp\/v2\/users\/1"}],"replies":[{"embeddable":true,"href":"https:\/\/schoried.ch\/wpress4\/index.php?rest_route=%2Fwp%2Fv2%2Fcomments&post=6179"}],"version-history":[{"count":0,"href":"https:\/\/schoried.ch\/wpress4\/index.php?rest_route=\/wp\/v2\/posts\/6179\/revisions"}],"wp:attachment":[{"href":"https:\/\/schoried.ch\/wpress4\/index.php?rest_route=%2Fwp%2Fv2%2Fmedia&parent=6179"}],"wp:term":[{"taxonomy":"category","embeddable":true,"href":"https:\/\/schoried.ch\/wpress4\/index.php?rest_route=%2Fwp%2Fv2%2Fcategories&post=6179"},{"taxonomy":"post_tag","embeddable":true,"href":"https:\/\/schoried.ch\/wpress4\/index.php?rest_route=%2Fwp%2Fv2%2Ftags&post=6179"}],"curies":[{"name":"wp","href":"https:\/\/api.w.org\/{rel}","templated":true}]}}