{"id":5788,"date":"2012-04-13T09:51:40","date_gmt":"2012-04-13T07:51:40","guid":{"rendered":"http:\/\/www.schoried.ch\/?p=5788"},"modified":"2012-04-13T09:51:40","modified_gmt":"2012-04-13T07:51:40","slug":"musik-feiert-20-jahre-dirigent-achermann","status":"publish","type":"post","link":"https:\/\/schoried.ch\/wpress4\/?p=5788","title":{"rendered":"Musik feiert 20 Jahre Dirigent Achermann"},"content":{"rendered":"<p><a href=\"http:\/\/www.schoried.ch\/2012\/04\/13\/musik-feiert-20-jahre-dirigent-achermann\/20jahrewa_doirfk2010_musik_015\/\" rel=\"attachment wp-att-5793\"><img loading=\"lazy\" decoding=\"async\" class=\"alignleft size-full wp-image-5793\" title=\"20JahreWA_doirfk2010_musik_015\" src=\"http:\/\/schoried.ch\/wpress4\/wp-content\/uploads\/2012\/04\/20JahreWA_doirfk2010_musik_0151.jpg\" alt=\"\" width=\"180\" height=\"121\" srcset=\"https:\/\/schoried.ch\/wpress4\/wp-content\/uploads\/2012\/04\/20JahreWA_doirfk2010_musik_0151.jpg 500w, https:\/\/schoried.ch\/wpress4\/wp-content\/uploads\/2012\/04\/20JahreWA_doirfk2010_musik_0151-300x201.jpg 300w\" sizes=\"auto, (max-width: 180px) 100vw, 180px\" \/><\/a>Mit \u00a0einer Sammlung von Highlights der Konzerte der vergangenen 20 Jahre feiert die Musikgesellschaft Alpnach dieses Wochenende das Jubil\u00e4um ihres Dirigenten Walter Achermann, der seit 20 Jahren am Taktstock steht. Am Jubil\u00e4umskonzert tritt auch der einheimische Jodlerklub auf. Die Musik ist an diesem Wochenende insgesamt gleich dreimal zu h\u00f6ren.<\/p>\n<p><!--more-->Durchs St\u00f6bern im Archiv und in alten Programmen entstand ein besonderes Jubil\u00e4umskonzert, welches am Freitag und Samstag je um 20 Uhr im Singsaal in Alpnach aufgef\u00fchrt wird. Der <strong>Eintritt<\/strong> ist <strong>frei<\/strong>.\u00a0Lord of the Dance, die West Side Story,\u00a0Russische Rhapsodie von Hans Heusser oder der dem alt Nationalrat Adalbert Durrer gewidmete\u00a0Gruss an Alpnach von Emil Wallimann sind Bestandteile des Programms. Wer die Musik am Wochenende verpasst, kann sie am Sonntag nochmals h\u00f6ren, wenn sie in K\u00e4giswil und in Alpnach nach dem Weiss-Sonntags-Einzug ein kleines St\u00e4ndchen gibt.<\/p>\n<p>Und zum Vormerken: Am 11. Mai findet dann wieder das Platzkonzert in Schoried statt.<\/p>\n<p>&gt;&gt; <strong><a href=\"http:\/\/www.schoried.ch\/doc\/Musik_20JahreWA.pdf\" target=\"_blank\">Zum Programm<\/a><\/strong><\/p>\n<p>&gt;&gt; Walter Achermann als Bergsteiger: <a href=\"http:\/\/www.schoried.ch\/images\/wpress\/W_Achermann_2010_NOZ.jpg\" target=\"_blank\"><strong>Er kennt alle Obwaldner Gipfe<\/strong>l<\/a> (Neue OZ, September 2010)<\/p>\n<p>Unten finden Sie ein paar Bilder von Auftritten Walter Achermanns als Dirigent.<\/p>\n<div id=\"attachment_5792\" style=\"width: 510px\" class=\"wp-caption alignnone\"><a href=\"http:\/\/www.schoried.ch\/2012\/04\/13\/musik-feiert-20-jahre-dirigent-achermann\/20jahrewa_bleikersiegrist_130\/\" rel=\"attachment wp-att-5792\"><img loading=\"lazy\" decoding=\"async\" aria-describedby=\"caption-attachment-5792\" class=\"size-full wp-image-5792 \" title=\"20JahreWA_bleikersiegrist_130\" src=\"http:\/\/schoried.ch\/wpress4\/wp-content\/uploads\/2012\/04\/20JahreWA_bleikersiegrist_1301.jpg\" alt=\"\" width=\"500\" height=\"332\" srcset=\"https:\/\/schoried.ch\/wpress4\/wp-content\/uploads\/2012\/04\/20JahreWA_bleikersiegrist_1301.jpg 500w, https:\/\/schoried.ch\/wpress4\/wp-content\/uploads\/2012\/04\/20JahreWA_bleikersiegrist_1301-300x199.jpg 300w\" sizes=\"auto, (max-width: 500px) 100vw, 500px\" \/><\/a><p id=\"caption-attachment-5792\" class=\"wp-caption-text\">Wahlfeier f\u00fcr Gemeindepr\u00e4sident Siegrist im Gemeindehaus<\/p><\/div>\n<p><a href=\"http:\/\/www.schoried.ch\/2012\/04\/13\/musik-feiert-20-jahre-dirigent-achermann\/20jahrewa_bleiker_rr_10\/\" rel=\"attachment wp-att-5791\"><img loading=\"lazy\" decoding=\"async\" class=\"size-full wp-image-5791\" title=\"20JahreWA_bleiker_rr_10\" src=\"http:\/\/schoried.ch\/wpress4\/wp-content\/uploads\/2012\/04\/20JahreWA_bleiker_rr_101.jpg\" alt=\"\" width=\"500\" height=\"375\" srcset=\"https:\/\/schoried.ch\/wpress4\/wp-content\/uploads\/2012\/04\/20JahreWA_bleiker_rr_101.jpg 500w, https:\/\/schoried.ch\/wpress4\/wp-content\/uploads\/2012\/04\/20JahreWA_bleiker_rr_101-300x225.jpg 300w\" sizes=\"auto, (max-width: 500px) 100vw, 500px\" \/><\/a><\/p>\n<div class=\"mceTemp\">\n<dl id=\"attachment_5791\" class=\"wp-caption alignnone\" style=\"width: 510px;\">\n<dd class=\"wp-caption-dd\">Wahlfeier f\u00fcr den neugew\u00e4hlten Regierungsrat Bleiker<\/dd>\n<\/dl>\n<\/div>\n<div id=\"attachment_5794\" style=\"width: 510px\" class=\"wp-caption alignnone\"><a href=\"http:\/\/www.schoried.ch\/2012\/04\/13\/musik-feiert-20-jahre-dirigent-achermann\/20jahrewa_singsaal_1\/\" rel=\"attachment wp-att-5794\"><img loading=\"lazy\" decoding=\"async\" aria-describedby=\"caption-attachment-5794\" class=\"size-full wp-image-5794\" title=\"20JahreWA_Singsaal_1\" src=\"http:\/\/schoried.ch\/wpress4\/wp-content\/uploads\/2012\/04\/20JahreWA_Singsaal_11.jpg\" alt=\"\" width=\"500\" height=\"335\" srcset=\"https:\/\/schoried.ch\/wpress4\/wp-content\/uploads\/2012\/04\/20JahreWA_Singsaal_11.jpg 500w, https:\/\/schoried.ch\/wpress4\/wp-content\/uploads\/2012\/04\/20JahreWA_Singsaal_11-300x201.jpg 300w\" sizes=\"auto, (max-width: 500px) 100vw, 500px\" \/><\/a><p id=\"caption-attachment-5794\" class=\"wp-caption-text\">Wiederer\u00f6ffnung des renovierten Singsaals<\/p><\/div>\n<div id=\"attachment_5793\" style=\"width: 510px\" class=\"wp-caption alignnone\"><a href=\"http:\/\/www.schoried.ch\/2012\/04\/13\/musik-feiert-20-jahre-dirigent-achermann\/20jahrewa_doirfk2010_musik_015\/\" rel=\"attachment wp-att-5793\"><img loading=\"lazy\" decoding=\"async\" aria-describedby=\"caption-attachment-5793\" class=\"size-full wp-image-5793\" title=\"20JahreWA_doirfk2010_musik_015\" src=\"http:\/\/schoried.ch\/wpress4\/wp-content\/uploads\/2012\/04\/20JahreWA_doirfk2010_musik_0151.jpg\" alt=\"\" width=\"500\" height=\"335\" srcset=\"https:\/\/schoried.ch\/wpress4\/wp-content\/uploads\/2012\/04\/20JahreWA_doirfk2010_musik_0151.jpg 500w, https:\/\/schoried.ch\/wpress4\/wp-content\/uploads\/2012\/04\/20JahreWA_doirfk2010_musik_0151-300x201.jpg 300w\" sizes=\"auto, (max-width: 500px) 100vw, 500px\" \/><\/a><p id=\"caption-attachment-5793\" class=\"wp-caption-text\">An der Dorfkilbi 2010<\/p><\/div>\n<p>&nbsp;<\/p>\n","protected":false},"excerpt":{"rendered":"<p>Mit \u00a0einer Sammlung von Highlights der Konzerte der vergangenen 20 Jahre feiert die Musikgesellschaft Alpnach dieses Wochenende das Jubil\u00e4um ihres Dirigenten Walter Achermann, der seit 20 Jahren am Taktstock steht. Am Jubil\u00e4umskonzert tritt auch der einheimische Jodlerklub auf. Die Musik&#8230;<\/p>\n","protected":false},"author":1,"featured_media":0,"comment_status":"open","ping_status":"closed","sticky":false,"template":"","format":"standard","meta":{"footnotes":""},"categories":[4,8,13,14],"tags":[359,546],"class_list":["post-5788","post","type-post","status-publish","format-standard","hentry","category-diverses","category-aus-dem-kulturellen-leben-alpnachs","category-hauptinformationen","category-vermischtes","tag-musikgesellschaft","tag-walter-achermann"],"_links":{"self":[{"href":"https:\/\/schoried.ch\/wpress4\/index.php?rest_route=\/wp\/v2\/posts\/5788","targetHints":{"allow":["GET"]}}],"collection":[{"href":"https:\/\/schoried.ch\/wpress4\/index.php?rest_route=\/wp\/v2\/posts"}],"about":[{"href":"https:\/\/schoried.ch\/wpress4\/index.php?rest_route=\/wp\/v2\/types\/post"}],"author":[{"embeddable":true,"href":"https:\/\/schoried.ch\/wpress4\/index.php?rest_route=\/wp\/v2\/users\/1"}],"replies":[{"embeddable":true,"href":"https:\/\/schoried.ch\/wpress4\/index.php?rest_route=%2Fwp%2Fv2%2Fcomments&post=5788"}],"version-history":[{"count":0,"href":"https:\/\/schoried.ch\/wpress4\/index.php?rest_route=\/wp\/v2\/posts\/5788\/revisions"}],"wp:attachment":[{"href":"https:\/\/schoried.ch\/wpress4\/index.php?rest_route=%2Fwp%2Fv2%2Fmedia&parent=5788"}],"wp:term":[{"taxonomy":"category","embeddable":true,"href":"https:\/\/schoried.ch\/wpress4\/index.php?rest_route=%2Fwp%2Fv2%2Fcategories&post=5788"},{"taxonomy":"post_tag","embeddable":true,"href":"https:\/\/schoried.ch\/wpress4\/index.php?rest_route=%2Fwp%2Fv2%2Ftags&post=5788"}],"curies":[{"name":"wp","href":"https:\/\/api.w.org\/{rel}","templated":true}]}}