{"id":5707,"date":"2012-03-11T13:56:25","date_gmt":"2012-03-11T12:56:25","guid":{"rendered":"http:\/\/www.schoried.ch\/?p=5707"},"modified":"2012-03-11T13:56:25","modified_gmt":"2012-03-11T12:56:25","slug":"parteiloser-schlaegt-cvp-kandidaten-klar","status":"publish","type":"post","link":"https:\/\/schoried.ch\/wpress4\/?p=5707","title":{"rendered":"Parteiloser schl\u00e4gt CVP-Kandidaten klar"},"content":{"rendered":"<p><a href=\"http:\/\/www.schoried.ch\/2012\/03\/11\/wer-wird-oder-bleibt-gemeinderat\/wahl2012_wallimannthomas\/\" rel=\"attachment wp-att-5717\"><img loading=\"lazy\" decoding=\"async\" class=\"size-full wp-image-5717 alignleft\" title=\"wahl2012_wallimannthomas\" src=\"http:\/\/schoried.ch\/wpress4\/wp-content\/uploads\/2012\/03\/wahl2012_wallimannthomas1.jpg\" alt=\"\" width=\"126\" height=\"126\" srcset=\"https:\/\/schoried.ch\/wpress4\/wp-content\/uploads\/2012\/03\/wahl2012_wallimannthomas1.jpg 180w, https:\/\/schoried.ch\/wpress4\/wp-content\/uploads\/2012\/03\/wahl2012_wallimannthomas1-150x150.jpg 150w\" sizes=\"auto, (max-width: 126px) 100vw, 126px\" \/><\/a>Alpnach hat gew\u00e4hlt: Sieben Kandidaten waren angetreten f\u00fcr die f\u00fcnf Sitze, darunter vier bisherige Mitglieder. Die CVP konnte ihre Vormachtsstellung nicht best\u00e4tigen: Ihre beiden neuen Kandidaten wurden nicht gew\u00e4hlt, daf\u00fcr kommt der fr\u00fchere Gemeinderat Thomas Wallimann, der als CSP-Mann parteilos kandidiert hatte, wieder in den Gemeinderat zur\u00fcck. Das beste Wahlergebnis holte seine Parteikollegin Sibylle Wallimann mit 1525 Stimmen bei einem absoluten Mehr von 982 Stimmen und einer Wahlbeteiligung von 52.5 Prozent.<\/p>\n<p>Bei der kantonalen Vorlage zum Bettentrakt hat Alpnach mit 1839 zu 253 Stimmen Ja gesagt. Kantonal sagten 87 Prozent Ja.<\/p>\n<p>&nbsp;<\/p>\n<p><a href=\"http:\/\/www.schoried.ch\/2012\/03\/11\/wer-wird-oder-bleibt-gemeinderat\/wahl2012_wallimannthomas\/\" rel=\"attachment wp-att-5717\"><!--more--><\/a><\/p>\n<p>Das sind die Wahlergebnisse im Einzelnen bei einem absoluten Mehr von\u00a0982 Stimmen und einer Wahlbeteiligung von\u00a052,5 Prozent:<\/p>\n<p><strong><span style=\"color: #0000ff;\">GEW\u00c4HLT<\/span> SIND:<\/strong><\/p>\n<p><a href=\"http:\/\/www.schoried.ch\/2012\/03\/11\/wer-wird-oder-bleibt-gemeinderat\/wahl2012_wallimannthomas\/\" rel=\"attachment wp-att-5717\"><img loading=\"lazy\" decoding=\"async\" title=\"wahl2012_wallimannthomas\" src=\"http:\/\/schoried.ch\/wpress4\/wp-content\/uploads\/2012\/03\/wahl2012_wallimannthomas1.jpg\" alt=\"\" width=\"180\" height=\"180\" \/><\/a>\u00a0<a href=\"http:\/\/www.schoried.ch\/2012\/03\/11\/wer-wird-oder-bleibt-gemeinderat\/wahl2012_wallimannsibylle\/\" rel=\"attachment wp-att-5716\"><img loading=\"lazy\" decoding=\"async\" title=\"wahl2012_wallimannsibylle\" src=\"http:\/\/schoried.ch\/wpress4\/wp-content\/uploads\/2012\/03\/wahl2012_wallimannsibylle1.jpg\" alt=\"\" width=\"180\" height=\"180\" \/><\/a>\u00a0\u00a0\u00a0<a href=\"http:\/\/www.schoried.ch\/2012\/03\/11\/wer-wird-oder-bleibt-gemeinderat\/wahl2012_kuechlerthomas\/\" rel=\"attachment wp-att-5713\"><img loading=\"lazy\" decoding=\"async\" title=\"wahl2012_kuechlerthomas\" src=\"http:\/\/schoried.ch\/wpress4\/wp-content\/uploads\/2012\/03\/wahl2012_kuechlerthomas1.jpg\" alt=\"\" width=\"180\" height=\"180\" \/><\/a>\u00a0<a href=\"http:\/\/www.schoried.ch\/2012\/03\/11\/wer-wird-oder-bleibt-gemeinderat\/wahl2012_kuechlerremo\/\" rel=\"attachment wp-att-5712\"><img loading=\"lazy\" decoding=\"async\" title=\"wahl2012_k\u00fcchlerremo\" src=\"http:\/\/schoried.ch\/wpress4\/wp-content\/uploads\/2012\/03\/wahl2012_k\u00fcchlerremo1.jpg\" alt=\"\" width=\"180\" height=\"180\" \/><\/a>\u00a0<a href=\"http:\/\/www.schoried.ch\/2012\/03\/11\/wer-wird-oder-bleibt-gemeinderat\/wahl2012_doennekathrin\/\" rel=\"attachment wp-att-5710\"><img loading=\"lazy\" decoding=\"async\" title=\"wahl2012_doennekathrin\" src=\"http:\/\/schoried.ch\/wpress4\/wp-content\/uploads\/2012\/03\/wahl2012_doennekathrin1.jpg\" alt=\"\" width=\"180\" height=\"180\" \/><\/a><\/p>\n<p>Von links: Thomas Wallimann, Sibylle Wallimann, Thomas K\u00fcchler, Remo K\u00fcchler, Kathrin D\u00f6nni<\/p>\n<p>Die Ergebnisse im Einzelnen:<\/p>\n<p>Kathrin D\u00f6nni, CVP, bisher, 1508 Stimmen<\/p>\n<p>Remo K\u00fcchler, CVP, bisher, 1247Stimmen<\/p>\n<p>Thomas K\u00fcchler, FDP, bisher, 1353\u00a0Stimmen<\/p>\n<p>Sibylle Wallimann, CSP, bisher, 1525 Stimmen<\/p>\n<p>Thomas Wallimann, CSP\/parteilos, <strong>neu<\/strong>, 1071Stimmen<\/p>\n<p>&nbsp;<\/p>\n<p><strong><span style=\"color: #ff0000;\">NICHT<\/span><\/strong> GEW\u00c4HLT SIND:<\/p>\n<p><a href=\"http:\/\/www.schoried.ch\/2012\/03\/11\/wer-wird-oder-bleibt-gemeinderat\/wahl2012_spichtigrolf\/\" rel=\"attachment wp-att-5715\"><img loading=\"lazy\" decoding=\"async\" class=\"alignnone size-full wp-image-5715\" title=\"wahl2012_spichtigrolf\" src=\"http:\/\/schoried.ch\/wpress4\/wp-content\/uploads\/2012\/03\/wahl2012_spichtigrolf1.jpg\" alt=\"\" width=\"180\" height=\"180\" srcset=\"https:\/\/schoried.ch\/wpress4\/wp-content\/uploads\/2012\/03\/wahl2012_spichtigrolf1.jpg 180w, https:\/\/schoried.ch\/wpress4\/wp-content\/uploads\/2012\/03\/wahl2012_spichtigrolf1-150x150.jpg 150w\" sizes=\"auto, (max-width: 180px) 100vw, 180px\" \/><\/a>\u00a0<a href=\"http:\/\/www.schoried.ch\/2012\/03\/11\/wer-wird-oder-bleibt-gemeinderat\/wahl2012_mosermarcel\/\" rel=\"attachment wp-att-5714\"><img loading=\"lazy\" decoding=\"async\" class=\"alignnone size-full wp-image-5714\" title=\"wahl2012_mosermarcel\" src=\"http:\/\/schoried.ch\/wpress4\/wp-content\/uploads\/2012\/03\/wahl2012_mosermarcel1.jpg\" alt=\"\" width=\"180\" height=\"180\" srcset=\"https:\/\/schoried.ch\/wpress4\/wp-content\/uploads\/2012\/03\/wahl2012_mosermarcel1.jpg 180w, https:\/\/schoried.ch\/wpress4\/wp-content\/uploads\/2012\/03\/wahl2012_mosermarcel1-150x150.jpg 150w\" sizes=\"auto, (max-width: 180px) 100vw, 180px\" \/><\/a><\/p>\n<p>Von links: Rolf Spichtig, Marcel Moser<\/p>\n<p>Die Resultate im Detail:<\/p>\n<p>Marcel Moser, CVP, <strong>neu<\/strong>,\u00a0719 Stimmen<\/p>\n<p>Rolf Spichtig, CVP, <strong>neu<\/strong>,\u00a0649 Stimmen<\/p>\n<p>Bis Montag, 12. M\u00e4rz, um 17 Uhr haben die Gew\u00e4hlten Zeit, sich f\u00fcr das Amt des Gemeindepr\u00e4sidenten zu bewerben.\u00a0\u00a0Die Wahl findet am 22. April statt.<\/p>\n<p>&nbsp;<\/p>\n<p>&nbsp;<\/p>\n<p>&nbsp;<\/p>\n","protected":false},"excerpt":{"rendered":"<p>Alpnach hat gew\u00e4hlt: Sieben Kandidaten waren angetreten f\u00fcr die f\u00fcnf Sitze, darunter vier bisherige Mitglieder. Die CVP konnte ihre Vormachtsstellung nicht best\u00e4tigen: Ihre beiden neuen Kandidaten wurden nicht gew\u00e4hlt, daf\u00fcr kommt der fr\u00fchere Gemeinderat Thomas Wallimann, der als CSP-Mann parteilos&#8230;<\/p>\n","protected":false},"author":1,"featured_media":0,"comment_status":"open","ping_status":"closed","sticky":false,"template":"","format":"standard","meta":{"footnotes":""},"categories":[9,13],"tags":[132,133,174,202,205,493,634],"class_list":["post-5707","post","type-post","status-publish","format-standard","hentry","category-aus-dem-politischen-leben-alpnachs","category-hauptinformationen","tag-csp","tag-cvp","tag-fdp","tag-gemeindepraesident","tag-gemeinderat","tag-svp","tag-wahlen"],"_links":{"self":[{"href":"https:\/\/schoried.ch\/wpress4\/index.php?rest_route=\/wp\/v2\/posts\/5707","targetHints":{"allow":["GET"]}}],"collection":[{"href":"https:\/\/schoried.ch\/wpress4\/index.php?rest_route=\/wp\/v2\/posts"}],"about":[{"href":"https:\/\/schoried.ch\/wpress4\/index.php?rest_route=\/wp\/v2\/types\/post"}],"author":[{"embeddable":true,"href":"https:\/\/schoried.ch\/wpress4\/index.php?rest_route=\/wp\/v2\/users\/1"}],"replies":[{"embeddable":true,"href":"https:\/\/schoried.ch\/wpress4\/index.php?rest_route=%2Fwp%2Fv2%2Fcomments&post=5707"}],"version-history":[{"count":0,"href":"https:\/\/schoried.ch\/wpress4\/index.php?rest_route=\/wp\/v2\/posts\/5707\/revisions"}],"wp:attachment":[{"href":"https:\/\/schoried.ch\/wpress4\/index.php?rest_route=%2Fwp%2Fv2%2Fmedia&parent=5707"}],"wp:term":[{"taxonomy":"category","embeddable":true,"href":"https:\/\/schoried.ch\/wpress4\/index.php?rest_route=%2Fwp%2Fv2%2Fcategories&post=5707"},{"taxonomy":"post_tag","embeddable":true,"href":"https:\/\/schoried.ch\/wpress4\/index.php?rest_route=%2Fwp%2Fv2%2Ftags&post=5707"}],"curies":[{"name":"wp","href":"https:\/\/api.w.org\/{rel}","templated":true}]}}