{"id":4809,"date":"2011-09-11T14:05:40","date_gmt":"2011-09-11T12:05:40","guid":{"rendered":"http:\/\/www.schoried.ch\/?p=4809"},"modified":"2011-09-11T14:05:40","modified_gmt":"2011-09-11T12:05:40","slug":"nein-zu-mehr-gemeinderaeten","status":"publish","type":"post","link":"https:\/\/schoried.ch\/wpress4\/?p=4809","title":{"rendered":"Solarzellen, aber nicht mehr Gemeinder\u00e4te"},"content":{"rendered":"<p><img loading=\"lazy\" decoding=\"async\" class=\"alignleft size-full wp-image-4277\" title=\"gdehaus_fahne[1]\" src=\"http:\/\/schoried.ch\/wpress4\/wp-content\/uploads\/2011\/03\/gdehaus_fahne11.jpg\" alt=\"\" width=\"150\" height=\"109\" \/>Die Alpnacher haben am Sonntag zweimal entgegen dem Antrag des\u00a0Gemeinderates abgestimmt. So wurde die beantragte Erh\u00f6hung der Anzahl Gemeinderatsmitglieder von 5 auf 7 mit 738 zu 708 Stimmen knapp abgelehnt. Im Mai hatte die Gemeindeversammlung noch diskussionslos einer Erh\u00f6hung des Lohnes f\u00fcr die Gemeinder\u00e4te zugestimt. Deutlich war an diesem Wochenende das Ergebnis zur Initiative f\u00fcr den Einbau von Solarzellen auf dem Dach des Schulhauses 1958. Hier\u00a0sagten\u00a0die Stimmberechtigten &#8211; 39 Prozent von ihnen gingen an die Urne\u00a0\u00a0&#8211; mit 983 zu 474 Stimmen klar Ja.<\/p>\n<p><!--more-->Bereits liegt eine Reaktion der SVP vor: Sie begr\u00fcsst das von ihr propagierte\u00a0Nein zu mehr Gemeinder\u00e4ten. Daneben\u00a0anerkennt sie das Volks-Ja zu den Solarzellen. Pr\u00e4sident Werner Birrer schreibt dazu in einem Kommentar, der Gemeinderat m\u00fcsse diesem Ergebnis k\u00fcnftig Rechnung tragen. Das Volk wolle nach den Ereignissen in Japan &#8222;den noch teuren, alternativen Energien auch bei kommunalen Projekten eine Chance&#8220;. Das t\u00f6nt, als ob\u00a0die SVP\u00a0das Gesch\u00e4ft unterst\u00fctzt h\u00e4tte. Das Gegenteil ist jedoch der Fall, sie hatte das Projekt zur Ablehnung empfohlen.<\/p>\n","protected":false},"excerpt":{"rendered":"<p>Die Alpnacher haben am Sonntag zweimal entgegen dem Antrag des\u00a0Gemeinderates abgestimmt. So wurde die beantragte Erh\u00f6hung der Anzahl Gemeinderatsmitglieder von 5 auf 7 mit 738 zu 708 Stimmen knapp abgelehnt. Im Mai hatte die Gemeindeversammlung noch diskussionslos einer Erh\u00f6hung des&#8230;<\/p>\n","protected":false},"author":1,"featured_media":0,"comment_status":"open","ping_status":"closed","sticky":false,"template":"","format":"standard","meta":{"footnotes":""},"categories":[13],"tags":[],"class_list":["post-4809","post","type-post","status-publish","format-standard","hentry","category-hauptinformationen"],"_links":{"self":[{"href":"https:\/\/schoried.ch\/wpress4\/index.php?rest_route=\/wp\/v2\/posts\/4809","targetHints":{"allow":["GET"]}}],"collection":[{"href":"https:\/\/schoried.ch\/wpress4\/index.php?rest_route=\/wp\/v2\/posts"}],"about":[{"href":"https:\/\/schoried.ch\/wpress4\/index.php?rest_route=\/wp\/v2\/types\/post"}],"author":[{"embeddable":true,"href":"https:\/\/schoried.ch\/wpress4\/index.php?rest_route=\/wp\/v2\/users\/1"}],"replies":[{"embeddable":true,"href":"https:\/\/schoried.ch\/wpress4\/index.php?rest_route=%2Fwp%2Fv2%2Fcomments&post=4809"}],"version-history":[{"count":0,"href":"https:\/\/schoried.ch\/wpress4\/index.php?rest_route=\/wp\/v2\/posts\/4809\/revisions"}],"wp:attachment":[{"href":"https:\/\/schoried.ch\/wpress4\/index.php?rest_route=%2Fwp%2Fv2%2Fmedia&parent=4809"}],"wp:term":[{"taxonomy":"category","embeddable":true,"href":"https:\/\/schoried.ch\/wpress4\/index.php?rest_route=%2Fwp%2Fv2%2Fcategories&post=4809"},{"taxonomy":"post_tag","embeddable":true,"href":"https:\/\/schoried.ch\/wpress4\/index.php?rest_route=%2Fwp%2Fv2%2Ftags&post=4809"}],"curies":[{"name":"wp","href":"https:\/\/api.w.org\/{rel}","templated":true}]}}