{"id":4651,"date":"2011-07-22T09:15:40","date_gmt":"2011-07-22T07:15:40","guid":{"rendered":"http:\/\/www.schoried.ch\/?p=4651"},"modified":"2011-07-22T09:15:40","modified_gmt":"2011-07-22T07:15:40","slug":"schulhaus-1958-soll-solardach-erhalten","status":"publish","type":"post","link":"https:\/\/schoried.ch\/wpress4\/?p=4651","title":{"rendered":"Schulhaus 1958 soll Solardach erhalten"},"content":{"rendered":"<div id=\"attachment_3309\" style=\"width: 220px\" class=\"wp-caption alignleft\"><img loading=\"lazy\" decoding=\"async\" aria-describedby=\"caption-attachment-3309\" class=\"size-full wp-image-3309  \" title=\"Erweiterung_Schulhaus1958_gross\" alt=\"\" src=\"http:\/\/schoried.ch\/wpress4\/wp-content\/uploads\/2010\/11\/Erweiterung_Schulhaus1958_gross1.jpg\" width=\"210\" height=\"148\" srcset=\"https:\/\/schoried.ch\/wpress4\/wp-content\/uploads\/2010\/11\/Erweiterung_Schulhaus1958_gross1.jpg 500w, https:\/\/schoried.ch\/wpress4\/wp-content\/uploads\/2010\/11\/Erweiterung_Schulhaus1958_gross1-300x211.jpg 300w\" sizes=\"auto, (max-width: 210px) 100vw, 210px\" \/><p id=\"caption-attachment-3309\" class=\"wp-caption-text\">Anbau (links) ans Schulhaus 1958<\/p><\/div>\n<p>Der fr\u00fchere Schulpr\u00e4sident Max Gasser m\u00f6chte, dass auf dem s\u00fcdlichen Giebeldach des Schulhausese 1958 ein Solardch erstellt wird. Eine von ihm eingereichte Initiative kommt bereits am 11. September zur Abstimmung. Der Gemeinderat will mi diesem raschen Vorgehen keine Zeit w\u00e4hrend der laufenden Erweiterung des Schulhauses riskieren. Am gleichen Tag soll auch \u00fcber die Erh\u00f6hung des Gemeinderats von 5 auf 7 Mitglieder befunden werden.<\/p>\n<p><!--more-->Die Einzelinitiative von Max Gasser ist Ende Mai bei der Gemeind eingegangen. Das Anliegen des fr\u00fcheren Gemeinderats: &#8222;Auf dem s\u00fcdlich ausgerichteten Teil des Giebeldaches des Schulhauses 1958 sind im Rahmen der in diesem Jahr geplanten Sanierungsarbeiten fl\u00e4chendeckend Solarzellen (Photovoltaikanlage) zu montieren&#8220;. Der Gemeinderat hat diese Initiative an der Sitzung vom 6. Juni 2011 als g\u00fcltig erkl\u00e4rt. Eigentlich w\u00e4re am 23. Oktober ein eidgen\u00f6ssischer Abstimmungstermin (Parlamentswahlen). Damit die laufenden Arbeiten am Schulhaus jedoch nicht oder nur gering verz\u00f6gert werden, hat der Gemeinderat beschlossen, die Abstimmung auf den 11. September vorzuziehen, wie er mitteilt.<\/p>\n<p>An dieser Abstimmung wird der Gemeinderat gleichzeitig dem Volk den Antrag unterbreiten, die Anzahl Gemeinderatsmitglieder von 5 wieder auf 7 zu erh\u00f6hen. Die Abstimmungbotschaft\u00a0soll mindestens drei Wochen vor dem Abstimmungstermin zugestellt werden.<\/p>\n<p>&gt;&gt; <a href=\"http:\/\/www.schoried.ch\/2010\/11\/28\/alpnach-schulhausanbau\/\">Mehr zum Schulhau 1958<\/a><\/p>\n<p>&gt;&gt; <a href=\"http:\/\/www.schoried.ch\/2011\/05\/11\/wie-viele-gemeinderaete-braucht-alpnach\/\">Mehr zur Vergr\u00f6sserung des Gemeinderats<\/a><\/p>\n","protected":false},"excerpt":{"rendered":"<p>Der fr\u00fchere Schulpr\u00e4sident Max Gasser m\u00f6chte, dass auf dem s\u00fcdlichen Giebeldach des Schulhausese 1958 ein Solardch erstellt wird. Eine von ihm eingereichte Initiative kommt bereits am 11. September zur Abstimmung. Der Gemeinderat will mi diesem raschen Vorgehen keine Zeit w\u00e4hrend&#8230;<\/p>\n","protected":false},"author":1,"featured_media":3309,"comment_status":"open","ping_status":"closed","sticky":false,"template":"","format":"standard","meta":{"footnotes":""},"categories":[9,11,13],"tags":[25,205,251,405,453,468],"class_list":["post-4651","post","type-post","status-publish","format-standard","has-post-thumbnail","hentry","category-aus-dem-politischen-leben-alpnachs","category-schule","category-hauptinformationen","tag-abstimmung","tag-gemeinderat","tag-initiative","tag-politik","tag-schulhaus","tag-solaranlage"],"_links":{"self":[{"href":"https:\/\/schoried.ch\/wpress4\/index.php?rest_route=\/wp\/v2\/posts\/4651","targetHints":{"allow":["GET"]}}],"collection":[{"href":"https:\/\/schoried.ch\/wpress4\/index.php?rest_route=\/wp\/v2\/posts"}],"about":[{"href":"https:\/\/schoried.ch\/wpress4\/index.php?rest_route=\/wp\/v2\/types\/post"}],"author":[{"embeddable":true,"href":"https:\/\/schoried.ch\/wpress4\/index.php?rest_route=\/wp\/v2\/users\/1"}],"replies":[{"embeddable":true,"href":"https:\/\/schoried.ch\/wpress4\/index.php?rest_route=%2Fwp%2Fv2%2Fcomments&post=4651"}],"version-history":[{"count":0,"href":"https:\/\/schoried.ch\/wpress4\/index.php?rest_route=\/wp\/v2\/posts\/4651\/revisions"}],"wp:featuredmedia":[{"embeddable":true,"href":"https:\/\/schoried.ch\/wpress4\/index.php?rest_route=\/wp\/v2\/media\/3309"}],"wp:attachment":[{"href":"https:\/\/schoried.ch\/wpress4\/index.php?rest_route=%2Fwp%2Fv2%2Fmedia&parent=4651"}],"wp:term":[{"taxonomy":"category","embeddable":true,"href":"https:\/\/schoried.ch\/wpress4\/index.php?rest_route=%2Fwp%2Fv2%2Fcategories&post=4651"},{"taxonomy":"post_tag","embeddable":true,"href":"https:\/\/schoried.ch\/wpress4\/index.php?rest_route=%2Fwp%2Fv2%2Ftags&post=4651"}],"curies":[{"name":"wp","href":"https:\/\/api.w.org\/{rel}","templated":true}]}}