{"id":4018,"date":"2011-02-02T22:43:25","date_gmt":"2011-02-02T21:43:25","guid":{"rendered":"http:\/\/www.schoried.ch\/?p=4018"},"modified":"2011-02-02T22:43:25","modified_gmt":"2011-02-02T21:43:25","slug":"direktor-statt-gemeindeschreiber","status":"publish","type":"post","link":"https:\/\/schoried.ch\/wpress4\/?p=4018","title":{"rendered":"Direktor statt Gemeindeschreiber?"},"content":{"rendered":"<p><img loading=\"lazy\" decoding=\"async\" class=\"alignleft\" src=\"http:\/\/www.schoried.ch\/conpresso\/_data\/gemeindehaus2.JPG\" alt=\"\" width=\"150\" height=\"113\" \/><\/p>\n<p>Die SVP Alpnach hat sich mit der Absicht des Gemeinderates auseinander gesetzt, die Zahl der Mitglieder von f\u00fcnf auf sieben zu erh\u00f6hen. Die Partei ist damit nicht einverstanden. Sie sagt, sie k\u00f6nnte das Anliegen zum heutigen Zeitpunkt nicht unterst\u00fctzen. Der Gemeinderat hatte im Alpnacher Blettli Nr. 9\/2010 die entsprechende Absicht ge\u00e4ussert. Das Vorhaben sei zumindest nochmal zu \u00fcberdenken, findet die SVP. Das Ziel des Gemeinderates, die zeitliche Belastung pro Mitglied so auszurichten, dass auch noch Zeit f\u00fcr einen Erwerb oder ein Familien- und Sozialleben bleibe, m\u00fcsse mit einem anderen F\u00fchrungsmodell erreicht werden.<\/p>\n<p><!--more--><\/p>\n<p>Die SVP legt einem Schreiben an den Gemeinderat Vorschl\u00e4ge f\u00fcr neue F\u00fchrungsmodell vor und empfiehlt, sich auf eines dieser Modelle zu einigen, um so &#8222;eine Erh\u00f6hung der Sitze im\u00a0Gemeinderat zu Gunsten einer modernen, effizienten operativen F\u00fchrung der\u00a0Gemeinde&#8220; zu verzichten. In Zeiten zunehmend komplexer Aufgabenstellungen gehe es &#8220;\u00a0insbesondere um eine\u00a0operativ wie administrativ effiziente und professionell gef\u00fchrte\u00a0Gemeindeverwaltung.&#8220; Das hedeute, dass die Gemeinder\u00e4te von Operativem entlastet w\u00fcrden und vermehrt strategisch f\u00fchren k\u00f6nnten. Die SVP zitiert den Politologen\u00a0Ivan Rickenbacher zur Thematik:\u00a0&#8222;Immer schwieriger gestaltet sich die Suche nach geeigneten Gemeinder\u00e4tinnen\u00a0und Gemeinder\u00e4ten. Eine Erh\u00f6hung der Gemeinder\u00e4te scheint falsch zu sein.\u00a0Vielmehr ist die Effizienz- und Kompetenzsteigerung auf der operativen Ebene\u00a0durch ein gutes F\u00fchrungsmodell zu suchen&#8220;.<\/p>\n<p>Die SVP empfiehlt dem Gemeinderat, die Zahl seiner Mitglieder nicht zu erh\u00f6hen. Im Gegenteil: Es sei die bessere L\u00f6sung, die Pensen gar zu senken und die verbleibenden Stellenprozente der Verwaltung f\u00fcr Funktionen wie einen CEO (Verwaltungsdirektor) oder Bereichsleitungen zur Verf\u00fcgung zu stellen. \u00a0Nach Meinung der SVP mindere im \u00fcbrigen &#8222;die \u00fcberf\u00e4llige, nun endlich initiierte\u00a0Lohnanpassung f\u00fcr die Alpnacher Gemeinder\u00e4te bei gleichzeitiger Erh\u00f6hung der\u00a0Anzahl der Gemeinder\u00e4te&#8220; die Erfolgsaussicht bei einer\u00a0Abstimmung &#8222;massiv&#8220;.<\/p>\n<p><a href=\"http:\/\/www.schoried.ch\/2010\/10\/31\/gemeinderat-mochte-wieder-zu-siebt-auftreten\/\">&gt;&gt; Wie der Gemeinderat argumentiert<\/a><\/p>\n<p><a href=\"http:\/\/www.schoried.ch\/doc\/SVP_Fuehrungsmodelle_Gemeinderat.pdf\" target=\"_blank\">&gt;&gt; Vorschl\u00e4ge der SVP f\u00fcr F\u00fchrungsmodelle<\/a><\/p>\n","protected":false},"excerpt":{"rendered":"<p>Die SVP Alpnach hat sich mit der Absicht des Gemeinderates auseinander gesetzt, die Zahl der Mitglieder von f\u00fcnf auf sieben zu erh\u00f6hen. Die Partei ist damit nicht einverstanden. Sie sagt, sie k\u00f6nnte das Anliegen zum heutigen Zeitpunkt nicht unterst\u00fctzen. Der&#8230;<\/p>\n","protected":false},"author":1,"featured_media":0,"comment_status":"open","ping_status":"closed","sticky":false,"template":"","format":"standard","meta":{"footnotes":""},"categories":[13],"tags":[205,209,354,385,405,493],"class_list":["post-4018","post","type-post","status-publish","format-standard","hentry","category-hauptinformationen","tag-gemeinderat","tag-gemeindeversammlung","tag-mitglieder","tag-parteien","tag-politik","tag-svp"],"_links":{"self":[{"href":"https:\/\/schoried.ch\/wpress4\/index.php?rest_route=\/wp\/v2\/posts\/4018","targetHints":{"allow":["GET"]}}],"collection":[{"href":"https:\/\/schoried.ch\/wpress4\/index.php?rest_route=\/wp\/v2\/posts"}],"about":[{"href":"https:\/\/schoried.ch\/wpress4\/index.php?rest_route=\/wp\/v2\/types\/post"}],"author":[{"embeddable":true,"href":"https:\/\/schoried.ch\/wpress4\/index.php?rest_route=\/wp\/v2\/users\/1"}],"replies":[{"embeddable":true,"href":"https:\/\/schoried.ch\/wpress4\/index.php?rest_route=%2Fwp%2Fv2%2Fcomments&post=4018"}],"version-history":[{"count":0,"href":"https:\/\/schoried.ch\/wpress4\/index.php?rest_route=\/wp\/v2\/posts\/4018\/revisions"}],"wp:attachment":[{"href":"https:\/\/schoried.ch\/wpress4\/index.php?rest_route=%2Fwp%2Fv2%2Fmedia&parent=4018"}],"wp:term":[{"taxonomy":"category","embeddable":true,"href":"https:\/\/schoried.ch\/wpress4\/index.php?rest_route=%2Fwp%2Fv2%2Fcategories&post=4018"},{"taxonomy":"post_tag","embeddable":true,"href":"https:\/\/schoried.ch\/wpress4\/index.php?rest_route=%2Fwp%2Fv2%2Ftags&post=4018"}],"curies":[{"name":"wp","href":"https:\/\/api.w.org\/{rel}","templated":true}]}}