{"id":3788,"date":"2010-12-19T19:06:41","date_gmt":"2010-12-19T18:06:41","guid":{"rendered":"http:\/\/www.schoried.ch\/?p=3788"},"modified":"2010-12-19T19:06:41","modified_gmt":"2010-12-19T18:06:41","slug":"fenster","status":"publish","type":"post","link":"https:\/\/schoried.ch\/wpress4\/?p=3788","title":{"rendered":"Am Mittwoch war Adventsfensterrundgang"},"content":{"rendered":"<p><img loading=\"lazy\" decoding=\"async\" class=\"alignleft\" src=\"http:\/\/www.schoried.ch\/wp-content\/uploads\/2010\/12\/advfenster2010.jpg\" alt=\"\" width=\"180\" height=\"116\" \/><\/p>\n<p>Auch dieses Jahr haben wieder 23 Familien in Schoried ein Fenster ihrer Wohnung oder die Umgebung des Hauses als Adventsfenster gestaltet. Am Mittwoch fand mit einer grossen Schar Kinder und Erwachsener der traditionelle gemeinsame Rundgang stattt.<\/p>\n<p><strong><!--more--><\/strong><\/p>\n<div style=\"width: 210px\" class=\"wp-caption alignright\"><img loading=\"lazy\" decoding=\"async\" src=\"http:\/\/www.schoried.ch\/wp-content\/uploads\/2010\/12\/advf2010__06web.jpg\" alt=\"\" width=\"200\" height=\"127\" \/><p class=\"wp-caption-text\">Adventsfenster von Familie Amstutz<\/p><\/div>\n<p>Punkt 19 Uhr traf sich die muntere Schar vor dem Christbaum bei der Kapelle und marschierte dann los, um im Zickzack durch die verschiedenen Quartiere vom Sch\u00f6nenb\u00fcel bis zur Waldegg die fantasievoll gestalteten Fenster und die vielen &#8222;Installationen&#8220; im Freien zu bewundern. Wie es bereits zur Tradition der vergangenen Jahre geh\u00f6rt, traf man sich am Schluss &#8211; die einen fr\u00fcher, die anderen sp\u00e4ter &#8211; am Feuer im Kapellenwald zu einem Schwatz, einem Glas Gl\u00fchwein, einem St\u00fcck Kuchen oder einfach um das w\u00e4rmende, beruhigende Feuer zu geniessen. Und wers l\u00e4nger aushielt, wurde gar noch mit feinen Grillwursth\u00e4ppchen \u00fcberrascht..<\/p>\n<p>Rechtzeitig auf die Festtage hin ist auch die Gruebengasse wieder so hergerichtet, dass sie gefahrlos begangenen werden kann. Einem individuellen Rundgang den Fenstern entlang steht also nichts mehr im Wege. Sie finden sp\u00e4ter hier auch die Bilder der Adventsfenster &#8211; doch schauen sie sich diese doch erst mal selber in natura an.<\/p>\n<p>&gt;&gt; <a href=\"http:\/\/www.schoried.ch\/doc\/Rundgang2010.pdf\" target=\"_blank\">Hier finden Sie den Plan der Fenster als pdf<\/a><\/p>\n","protected":false},"excerpt":{"rendered":"<p>Auch dieses Jahr haben wieder 23 Familien in Schoried ein Fenster ihrer Wohnung oder die Umgebung des Hauses als Adventsfenster gestaltet. Am Mittwoch fand mit einer grossen Schar Kinder und Erwachsener der traditionelle gemeinsame Rundgang stattt.<\/p>\n","protected":false},"author":1,"featured_media":0,"comment_status":"open","ping_status":"closed","sticky":false,"template":"","format":"standard","meta":{"footnotes":""},"categories":[13],"tags":[],"class_list":["post-3788","post","type-post","status-publish","format-standard","hentry","category-hauptinformationen"],"_links":{"self":[{"href":"https:\/\/schoried.ch\/wpress4\/index.php?rest_route=\/wp\/v2\/posts\/3788","targetHints":{"allow":["GET"]}}],"collection":[{"href":"https:\/\/schoried.ch\/wpress4\/index.php?rest_route=\/wp\/v2\/posts"}],"about":[{"href":"https:\/\/schoried.ch\/wpress4\/index.php?rest_route=\/wp\/v2\/types\/post"}],"author":[{"embeddable":true,"href":"https:\/\/schoried.ch\/wpress4\/index.php?rest_route=\/wp\/v2\/users\/1"}],"replies":[{"embeddable":true,"href":"https:\/\/schoried.ch\/wpress4\/index.php?rest_route=%2Fwp%2Fv2%2Fcomments&post=3788"}],"version-history":[{"count":0,"href":"https:\/\/schoried.ch\/wpress4\/index.php?rest_route=\/wp\/v2\/posts\/3788\/revisions"}],"wp:attachment":[{"href":"https:\/\/schoried.ch\/wpress4\/index.php?rest_route=%2Fwp%2Fv2%2Fmedia&parent=3788"}],"wp:term":[{"taxonomy":"category","embeddable":true,"href":"https:\/\/schoried.ch\/wpress4\/index.php?rest_route=%2Fwp%2Fv2%2Fcategories&post=3788"},{"taxonomy":"post_tag","embeddable":true,"href":"https:\/\/schoried.ch\/wpress4\/index.php?rest_route=%2Fwp%2Fv2%2Ftags&post=3788"}],"curies":[{"name":"wp","href":"https:\/\/api.w.org\/{rel}","templated":true}]}}