{"id":3311,"date":"2010-11-22T19:00:16","date_gmt":"2010-11-22T18:00:16","guid":{"rendered":"http:\/\/www.schoried.ch\/wpress\/?p=3311"},"modified":"2010-11-22T19:00:16","modified_gmt":"2010-11-22T18:00:16","slug":"ein-schulhaus-anbau-spaltet-die-gemuter","status":"publish","type":"post","link":"https:\/\/schoried.ch\/wpress4\/?p=3311","title":{"rendered":"Das Schulhaus-Projekt wird sehr heiss diskutiert"},"content":{"rendered":"<div id=\"attachment_3310\" style=\"width: 200px\" class=\"wp-caption alignleft\"><img loading=\"lazy\" decoding=\"async\" aria-describedby=\"caption-attachment-3310\" class=\"size-full wp-image-3310\" title=\"Erweiterung_Schulhaus1958_klein\" src=\"http:\/\/schoried.ch\/wpress4\/wp-content\/uploads\/2010\/11\/Erweiterung_Schulhaus1958_klein1.jpg\" alt=\"\" width=\"190\" height=\"128\" \/><p id=\"caption-attachment-3310\" class=\"wp-caption-text\">Visualisierung des Anbaus (links)<\/p><\/div>\n<p>Der geplante Anbau ans Schulhaus 1958, \u00fcber den am letzten November-Wochenende abgestimmt wird, erhitzt und spaltet die Gem\u00fcter weiter. Die Parteien sind sich nicht einig: SVP und FDP sagen Nein zum Gesch\u00e4ft, SP und CSP bef\u00fcrworten es, d<span style=\"color: #000000;\">ie CVP hat als dritte Partei nun ebenfalls die Ja-Parole beschlossen. <\/span>Zu diesem Gesch\u00e4ft fand hier eine sehr rege Diskussion statt. Bereits sind rund 20 Kommentare online. Sie finden neu auch die Original-Stellungnahmen von drei Parteien.<br \/>\n<!--more--><\/p>\n<div id=\"attachment_3309\" style=\"width: 510px\" class=\"wp-caption alignright\"><img loading=\"lazy\" decoding=\"async\" aria-describedby=\"caption-attachment-3309\" class=\"size-full wp-image-3309\" title=\"Erweiterung_Schulhaus1958_gross\" src=\"http:\/\/schoried.ch\/wpress4\/wp-content\/uploads\/2010\/11\/Erweiterung_Schulhaus1958_gross1.jpg\" alt=\"\" width=\"500\" height=\"353\" srcset=\"https:\/\/schoried.ch\/wpress4\/wp-content\/uploads\/2010\/11\/Erweiterung_Schulhaus1958_gross1.jpg 500w, https:\/\/schoried.ch\/wpress4\/wp-content\/uploads\/2010\/11\/Erweiterung_Schulhaus1958_gross1-300x211.jpg 300w\" sizes=\"auto, (max-width: 500px) 100vw, 500px\" \/><p id=\"caption-attachment-3309\" class=\"wp-caption-text\">Anbau links (Farben dienen einzig der Orientierung)<\/p><\/div>\n<p>Neben der Sanierung des Schulhauses f\u00fcr 1,5 Mio. Franken \u00a0ist auch eine Erweiterung mit zus\u00e4tzlichen Kosten von 1,6 Mio. Franken geplant.\u00a0Die Sanierung ist Teil des Budgets, \u00fcber das an der Gemeindeversammlung abgestimmt wird, \u00fcber den Ausbau (Kreditgesch\u00e4ft) muss abgestimmt werden. Nach Ansicht des Gemeinderates ist jetzt genau der richtige Zeitpunkt f\u00fcr den Anbau: &#8222;Der bereits seit l\u00e4ngerem bekannte Bedarf an Gruppenr\u00e4umen f\u00fcr die Umsetzung des kantonalen Bildungsgesetzes sowie der zu erwartende zuk\u00fcnftige Bedarf an Schulr\u00e4umen kann \u00e4usserst kosteng\u00fcnstig und innerhalb des bestehenden Schulareals realisiert werden.&#8220;<\/p>\n<p><strong>60 Sch\u00fcler mehr in 5 Jahren<\/strong><\/p>\n<p>Der Gemeinderat argumentiert, gem\u00e4ss Hochrechnungen sei &#8222;in den kommenden Jahren mit einem steten Anstieg der Sch\u00fclerzahlen&#8220; zu rechnen, die Schule m\u00fcsse sich &#8222;bis zu Beginn des Schuljahres 2015\/16 auf eine Zunahme von ca. 60 \u00a0Sch\u00fclern einzustellen.&#8220; \u00a0Das Projekt wurde auf diese Entwicklung der Sch\u00fclerzahlen abgestimmt. Dank der gleichzeitig geplanten Sanierung und der bereits vorhandenen Grundinfrastruktur k\u00f6nne man Synergien und Kosten sparen, so der Gemeinderat.<\/p>\n<p>[ad code=2]Mit dem Ausbau werde &#8222;einerseits Schulraum f\u00fcr die zur Umsetzung des kantonalen Bildungsgesetzes n\u00f6tigen Gruppenr\u00e4ume und den vom Gemeinderat bereits beschlossenen Modellwechsel der Oberstufe&#8220; (Integrierten Orientierungsschule IOS) geschaffen, anderseits r\u00fcste sich die Gemeinde &#8222;<strong>aber insbesondere auch<\/strong> f\u00fcr den k\u00fcnftigen Bedarf an Schulraum auf Grund der Zunahme der Sch\u00fclerzahlen. &#8220;<\/p>\n<p>Interessant ist, dass der Gemeinderat im Mai, als er erstmals von einem Anbau schrieb, kein einziges Wort \u00fcber die Zunahme der Sch\u00fclerzahlen verlor. Im Vordergrund standen damals die neu n\u00f6tigen R\u00fcume f\u00fcr die Oberstufe. Heute t\u00f6nt es eher umgekehrt. Auch auf der von der Schule aufgeschalteten Webseite anbau-ja.ch findet sich kein Hinweis auf die steigenden Sch\u00fclerzahlen.<\/p>\n<p><strong>Parteien orten Widerspr\u00fcche<\/strong><\/p>\n<p>Dieser Widerspruch ist auch der <strong>FDP <\/strong>aufgefallen, die darauf hinweist, dass die Zahl der Schulkinder von 2002 bis 2010 um 100 gesunken sei. Sie zeigt sich darum &#8222;\u00fcber die Dringlichkeit wie auch den Umfang ziemlich \u00fcberrascht.&#8220; \u00a0Eine klare Parole hat sie im Alpnacher Blettli noch nicht mitgeteilt. <span style=\"color: #0000ff;\">Inzwischen hat sie sich nochmal mit der Vorlage befasst und eine Nein-Parole beschlossen (siehe Link am Schluss des Artikels). <\/span>Ihre Argumentation: &#8222;Auch wenn mit Zuz\u00fcgen und Wachstum gerechnet wird, erwarten wir vom Gemeinderat einen Marschhalt und\u00a0k\u00f6nnen die Vorlage derzeit nicht unterst\u00fctzen. Insbesondere auch nicht, weil die Finanzen\u00a0keine L\u00f6sungen im Wunschbereich erlauben.&#8220;\u00a0Diese hat die <strong>SVP <\/strong>gefasst. Sie spricht von Salamitaktik, weil zuerst die Umstellung auf die integrative Schule beschlossen worden sei und im nachhinein gesagt worden sei, nun brauche es mehr Raum. Auf die Gemeinde k\u00e4men grosse andere Investitionen zu, weshalb dieser Bau abzulehnen sei. Die SVP glaubt auch, dass die Sch\u00fclerzahl von 720 (wie im Jahre 2002) auch dann nicht mehr erreicht werden, wenn alle im Bau stehenden Wohnungen gebaut seien.<\/p>\n<p><span style=\"color: #ff0000;\"><strong>Neu:<\/strong><\/span> Die <strong>CVP <\/strong>hat nun auch ein Ja beschlossen: Die Erweiterung des Schulhauses schaffe &#8222;dank der bereits vorhandenen Infrastruktur \u00e4usserst kosteng\u00fcnstig und innerhalb des bestehenden Schulareals&#8220; zus\u00e4tzlichen Schulraum. &#8222;Es ist eine einmalige Chance, den Neubau gleichzeitig mit der Sanierung des bestehenden Geb\u00e4udes zu realisieren und damit Synergien zu nutzen und Kostenersparnisse zu erzielen.&#8220; Der Anbau decke den Bedarf nach Gruppenr\u00e4umen und den k\u00fcnftigen Bedarf an Schulr\u00e4umen, indem man so auf die Zunahme der Bev\u00f6lkerung und die Entwicklung der Sch\u00fclerzahlen reagieren k\u00f6nne. Der Anbau sei &#8222;eine sinnvolle Investition in die Standortattraktivit\u00e4t von Alpnach&#8220; und helfe Provisorien zu vermeiden.<\/p>\n<p>Die <strong>CSP <\/strong>sagt Ja zur \u00a0Investition. &#8222;Diese Verbindung von notwendiger Sanierung und sinnvoller Erg\u00e4nzung (&#8230;) zeigt, dass hier sorgf\u00e4ltig und verantwortungsvoll mit Steuergeldern umgegangen wird.&#8220; Erg\u00e4nzung vom 10.11.2010: Die \u00a0<strong>SP <\/strong>hat ihre Unterst\u00fctzung in einem Flugblatt kundgetan.<\/p>\n<p><span style=\"color: #ff0000;\">Die Diskussion zu diesem Thema ist beendet, die Kommentarfunktion wurde ausgeschaltet<\/span><\/p>\n<p><strong>&gt;&gt; <a href=\"http:\/\/www.schoried.ch\/wpress\/2010\/05\/27\/anbau-an-schulhaus-1958-geplant\/\" target=\"_self\"><span style=\"color: #0000ff;\">Wie der Gemeinderat im Mai argumentierte<\/span><\/a><\/strong><\/p>\n<p><strong>&gt;&gt; <a href=\"http:\/\/www.schoried.ch\/doc\/MM_Erweiterung_Schulhaus_58.pdf\" target=\"_blank\"><span style=\"color: #0000ff;\">Medienmitteilung der Gemeinde<\/span><\/a><\/strong><\/p>\n<p><strong>&gt;&gt; <a href=\"http:\/\/www.anbau-ja.ch\" target=\"_blank\"><span style=\"color: #0000ff;\">Die Argumente der Schule<\/span><\/a><\/strong><\/p>\n<p><strong><span style=\"color: #0000ff;\">&gt;&gt; <a href=\"http:\/\/www.fdp-ow.ch\/platform\/content\/element\/185153\/2010Bericht_Alpnacher_Blettli_Schule.pdf\" target=\"_blank\">Die Argumentation der FDP<\/a><\/span><\/strong><\/p>\n<p><strong><span style=\"color: #0000ff;\">&gt;&gt; <a href=\"http:\/\/www.schoried.ch\/doc\/MM_CSP_Schulhaus58.pdf\" target=\"_blank\">Die Stellungnahme der CSP<\/a><\/span><\/strong><\/p>\n<p><span style=\"color: #0000ff;\"><strong>&gt;&gt; <a href=\"http:\/\/www.schoried.ch\/doc\/MM_CVP_Schulhaus58\" target=\"_blank\">Die Stellungnahme der CVP<\/a><\/strong><\/span><\/p>\n<p><span style=\"color: #0000ff;\"><strong><br \/>\n<\/strong><\/span><\/p>\n","protected":false},"excerpt":{"rendered":"<p>Der geplante Anbau ans Schulhaus 1958, \u00fcber den am letzten November-Wochenende abgestimmt wird, erhitzt und spaltet die Gem\u00fcter weiter. Die Parteien sind sich nicht einig: SVP und FDP sagen Nein zum Gesch\u00e4ft, SP und CSP bef\u00fcrworten es, die CVP hat&#8230;<\/p>\n","protected":false},"author":1,"featured_media":0,"comment_status":"closed","ping_status":"closed","sticky":false,"template":"","format":"standard","meta":{"footnotes":""},"categories":[9,13],"tags":[25,142,205,207,310,371,385,386,453],"class_list":["post-3311","post","type-post","status-publish","format-standard","hentry","category-aus-dem-politischen-leben-alpnachs","category-hauptinformationen","tag-abstimmung","tag-diskussion","tag-gemeinderat","tag-gemeinderaete","tag-kommentare","tag-oberstufe","tag-parteien","tag-parteipraesidenten","tag-schulhaus"],"_links":{"self":[{"href":"https:\/\/schoried.ch\/wpress4\/index.php?rest_route=\/wp\/v2\/posts\/3311","targetHints":{"allow":["GET"]}}],"collection":[{"href":"https:\/\/schoried.ch\/wpress4\/index.php?rest_route=\/wp\/v2\/posts"}],"about":[{"href":"https:\/\/schoried.ch\/wpress4\/index.php?rest_route=\/wp\/v2\/types\/post"}],"author":[{"embeddable":true,"href":"https:\/\/schoried.ch\/wpress4\/index.php?rest_route=\/wp\/v2\/users\/1"}],"replies":[{"embeddable":true,"href":"https:\/\/schoried.ch\/wpress4\/index.php?rest_route=%2Fwp%2Fv2%2Fcomments&post=3311"}],"version-history":[{"count":0,"href":"https:\/\/schoried.ch\/wpress4\/index.php?rest_route=\/wp\/v2\/posts\/3311\/revisions"}],"wp:attachment":[{"href":"https:\/\/schoried.ch\/wpress4\/index.php?rest_route=%2Fwp%2Fv2%2Fmedia&parent=3311"}],"wp:term":[{"taxonomy":"category","embeddable":true,"href":"https:\/\/schoried.ch\/wpress4\/index.php?rest_route=%2Fwp%2Fv2%2Fcategories&post=3311"},{"taxonomy":"post_tag","embeddable":true,"href":"https:\/\/schoried.ch\/wpress4\/index.php?rest_route=%2Fwp%2Fv2%2Ftags&post=3311"}],"curies":[{"name":"wp","href":"https:\/\/api.w.org\/{rel}","templated":true}]}}