{"id":2831,"date":"2010-09-05T21:47:02","date_gmt":"2010-09-05T19:47:02","guid":{"rendered":"http:\/\/www.schoried.ch\/wpress\/?p=2831"},"modified":"2010-09-05T21:47:02","modified_gmt":"2010-09-05T19:47:02","slug":"288-bilder-von-der-gwarb-sind-ab-sofort-online","status":"publish","type":"post","link":"https:\/\/schoried.ch\/wpress4\/?p=2831","title":{"rendered":"288 Bilder der &quot;Gw\u00e4rb&quot; und NEU ein Film"},"content":{"rendered":"<div id=\"attachment_2833\" style=\"width: 190px\" class=\"wp-caption alignleft\"><img loading=\"lazy\" decoding=\"async\" aria-describedby=\"caption-attachment-2833\" class=\"size-full wp-image-2833 \" title=\"gwaerbtag2_449\" src=\"http:\/\/schoried.ch\/wpress4\/wp-content\/uploads\/2010\/09\/gwaerbtag2_4491.jpg\" alt=\"\" width=\"180\" height=\"139\" \/><p id=\"caption-attachment-2833\" class=\"wp-caption-text\">Solist der Dani Felber Bigband.<\/p><\/div>\n<h3>schoried.ch bietet einen grossen Bilderbogen \u00fcber die dreit\u00e4tige Gewerbeausstellung. In einer Diaschau von der Er\u00f6ffnung \u00fcber den Unterhaltungsabend und die Sportpreisverleihung sowie die Ausmarchung um das Obwaldner Supertalent bis zum Bauernbrunch am Sonntag: Alles finden Sie in 288 Bildern vom erfolgreichen Anlass ab sofort online.<\/h3>\n<h2><span style=\"color: #ff0000;\">NEU MIT 6-MINUTEN-FILM !<\/span><\/h2>\n<p><!--more--><br \/>\n<object classid=\"clsid:d27cdb6e-ae6d-11cf-96b8-444553540000\" width=\"600\" height=\"480\" codebase=\"http:\/\/download.macromedia.com\/pub\/shockwave\/cabs\/flash\/swflash.cab#version=6,0,40,0\"><param name=\"bgcolor\" value=\"#ffffff\" \/><param name=\"flashvars\" value=\"allowfullscreen=true&amp;streamer=lighttpd&amp;autostart=false&amp;file=http:\/\/filmprojektor01.prohost.de\/7832269905\/2978396796.768&amp;image=http:\/\/filmplakate01.prohost.de\/7832269905\/2978396796.jpg&amp;controlbar=bottom&amp;repeat=always&amp;backcolor=505050&amp;frontcolor=FFFFFF&amp;lightcolor=FFD800&amp;type=video\" \/><param name=\"src\" value=\"http:\/\/filmarchivar.w3w.de\/players\/player.swf\" \/><param name=\"allowfullscreen\" value=\"true\" \/><param name=\"quality\" value=\"high\" \/><embed type=\"application\/x-shockwave-flash\" width=\"600\" height=\"480\" src=\"http:\/\/filmarchivar.w3w.de\/players\/player.swf\" bgcolor=\"#ffffff\" allowfullscreen=\"true\" quality=\"high\" flashvars=\"allowfullscreen=true&amp;streamer=lighttpd&amp;autostart=false&amp;file=http:\/\/filmprojektor01.prohost.de\/7832269905\/2978396796.768&amp;image=http:\/\/filmplakate01.prohost.de\/7832269905\/2978396796.jpg&amp;controlbar=bottom&amp;repeat=always&amp;backcolor=505050&amp;frontcolor=FFFFFF&amp;lightcolor=FFD800&amp;type=video\"><\/embed><\/object>Lassen Sie die drei Tage bei sch\u00f6nstem Sommerwetter nochmal in Bildern Revue passieren. Vielleicht begegnen Sie dem einen oder anderen bekannten Gesicht, das Sie nicht live angetroffen haben.<\/p>\n<h3>&gt;&gt; <a href=\"http:\/\/filmarchivar.w3w.de\/video.php?video=2978396796&amp;user=7832269905&amp;template=5&amp;width=640&amp;backcolor=505050&amp;frontcolor=FFFFFF&amp;lightcolor=FFD800&amp;controlbar=bottom&amp;autostart=false&amp;repeat=always\" target=\"_blank\">Link zum Film als eigenes Fenster (bessere Aufl\u00f6sung)<\/a><\/h3>\n<h3><a href=\"http:\/\/www.schoried.net\/dia_gwaerb2010\" target=\"_blank\"><span style=\"color: #3366ff;\">&gt;&gt; Hier gehts zur Diaschau<\/span><\/a><\/h3>\n","protected":false},"excerpt":{"rendered":"<p>schoried.ch bietet einen grossen Bilderbogen \u00fcber die dreit\u00e4tige Gewerbeausstellung. In einer Diaschau von der Er\u00f6ffnung \u00fcber den Unterhaltungsabend und die Sportpreisverleihung sowie die Ausmarchung um das Obwaldner Supertalent bis zum Bauernbrunch am Sonntag: Alles finden Sie in 288 Bildern vom&#8230;<\/p>\n","protected":false},"author":1,"featured_media":0,"comment_status":"open","ping_status":"closed","sticky":false,"template":"","format":"standard","meta":{"footnotes":""},"categories":[13],"tags":[],"class_list":["post-2831","post","type-post","status-publish","format-standard","hentry","category-hauptinformationen"],"_links":{"self":[{"href":"https:\/\/schoried.ch\/wpress4\/index.php?rest_route=\/wp\/v2\/posts\/2831","targetHints":{"allow":["GET"]}}],"collection":[{"href":"https:\/\/schoried.ch\/wpress4\/index.php?rest_route=\/wp\/v2\/posts"}],"about":[{"href":"https:\/\/schoried.ch\/wpress4\/index.php?rest_route=\/wp\/v2\/types\/post"}],"author":[{"embeddable":true,"href":"https:\/\/schoried.ch\/wpress4\/index.php?rest_route=\/wp\/v2\/users\/1"}],"replies":[{"embeddable":true,"href":"https:\/\/schoried.ch\/wpress4\/index.php?rest_route=%2Fwp%2Fv2%2Fcomments&post=2831"}],"version-history":[{"count":0,"href":"https:\/\/schoried.ch\/wpress4\/index.php?rest_route=\/wp\/v2\/posts\/2831\/revisions"}],"wp:attachment":[{"href":"https:\/\/schoried.ch\/wpress4\/index.php?rest_route=%2Fwp%2Fv2%2Fmedia&parent=2831"}],"wp:term":[{"taxonomy":"category","embeddable":true,"href":"https:\/\/schoried.ch\/wpress4\/index.php?rest_route=%2Fwp%2Fv2%2Fcategories&post=2831"},{"taxonomy":"post_tag","embeddable":true,"href":"https:\/\/schoried.ch\/wpress4\/index.php?rest_route=%2Fwp%2Fv2%2Ftags&post=2831"}],"curies":[{"name":"wp","href":"https:\/\/api.w.org\/{rel}","templated":true}]}}