{"id":2666,"date":"2010-08-21T08:57:08","date_gmt":"2010-08-21T06:57:08","guid":{"rendered":"http:\/\/www.schoried.ch\/wpress\/?p=2666"},"modified":"2010-08-21T08:57:08","modified_gmt":"2010-08-21T06:57:08","slug":"1-mountainman-startete-auf-chretzenalp","status":"publish","type":"post","link":"https:\/\/schoried.ch\/wpress4\/?p=2666","title":{"rendered":"Alpnacher Teilsieg am 1. Mountainman"},"content":{"rendered":"<p><img loading=\"lazy\" decoding=\"async\" class=\"size-full wp-image-2672 alignleft\" title=\"mountainman5\" src=\"http:\/\/schoried.ch\/wpress4\/wp-content\/uploads\/2010\/08\/mountainman51.jpg\" alt=\"\" width=\"300\" height=\"258\" \/>Mit leichter Versp\u00e4tung auf den Marschplan startete kurz vor dem Sonnenaufgang am Samstag morgen fr\u00fch der 1. Mountainman auf der Chretzenalp. Die Route f\u00fchrt die Teilnehmer \u00fcber 81 Kilometer via Langis, Sch\u00f6nb\u00fcel, Br\u00fcnig und die Tannalp nach Tr\u00fcbsee. In Alpnach starteten \u00fcber 270 Teilnehmer, welche den ganzen Lauf oder die erste Etappe in einem Team \u00fcbernahmen. Zum Startschuss z\u00fcndete Regierungsrat Niklaus Bleiker eine Leuchtrakete. <span style=\"color: #ff0000;\">In der Kategorie 2&#215;2 \u00fcber die ganze Strecke gewannen die beiden Alpnacher Marcel Imfeld und Martin Fl\u00fceler. (Fassung wurde erg\u00e4nzt)<\/span><\/p>\n<p><!--more--><\/p>\n<p>Fast etwas gespenstisch sah es um 5 Uhr fr\u00fch auf dem Platz vor der Talstation der Pilatusbahn aus. Da und dort wurden noch Riegel, Pasta und Bananen verschlungen, die Schuhe gebunden, der Rucksack noch mal gepr\u00fcft, die Trinkflasche richtig positioniert. Um 5.45 Uhr brachte die Pilatusbahn die rund 180 Teilnehmer &#8211; am ganzen Lauf, teilweise in Etappen, nehmen \u00fcber 500 teil &#8211; auf die \u00c4msigenalp. Von dort gings &#8211; ein Aufw\u00e4rmtraining &#8211; zur Chretzenalp. Dort erfolgte dann der Massenstart durch OK-Pr\u00e4sident Florian Spichtig und eine Leuchtrakete von Ehrenstarter Niklaus Bleiker. Und schon war der Spuk f\u00fcrs erste vorbei, die L\u00e4uferinnen und L\u00e4ufer entschwanden hinunter Richtung L\u00fctholdsmatt.<\/p>\n<p><span style=\"color: #ff0000;\">Neu per 22. August:<\/span><\/p>\n<p><span style=\"color: #ff0000;\">Marcel Imfeld und Martin Fl\u00fceler vom Parmino-Team Alpnach holten sich den Sieg in der 2&#215;2-Kategorie. Die beiden absolvierten je eine H\u00e4lfte des Laufs, Imfeld bis zum Br\u00fcnig, Fl\u00fceler ab dort bis nach Tr\u00fcbsee. Sie brauchten f\u00fcr die ganze Strecke zusammen 8.58.08 Stunden und somit\u00a0 35 Minuten l\u00e4nger als der Gesamtsieger. Markus von Rotz holte sich den 3. Rang bei den \u00fcber 50-J\u00e4hrigen \u00fcber die ganze Strecke, Toni Imfeld (Achermann Sport)\u00a0wurde mit einem 4&#215;4-Team Sechster.<\/span><\/p>\n<p><span style=\"color: #ff0000;\">Mit 280 bef\u00f6rderten Personen auf einmal ist die Pilatusbahn an ihre Kapazit\u00e4tsgrenze gestossen. Sollten im n\u00e4chsten Jahr (20. August) mehr Teilnehmer am Morgen starten, w\u00e4re ein Massenstart wie dieses Jahr nicht mehr m\u00f6glich, sagte OK-Pr\u00e4sident Florian Spichtig am Samstag. Es gibt im Moment zwei M\u00f6glichkeiten, dieses Dilemma zu umgehen. Spichtig denkt entweder daran, den Mountainman schon im Tal zu starten oder den Start auf \u00c4msigen\/Chretzenalp gestaffelt vorzunehmen. <\/span><\/p>\n<h3>&gt;&gt; <a href=\"http:\/\/www.themountainmain.ch\" target=\"_blank\">Alles \u00fcber den Grossanlass<\/a><\/h3>\n<h3>&gt;&gt; <a href=\"http:\/\/www.datasport.com\" target=\"_blank\">Die Rangliste gibts auf Datasport<\/a><\/h3>\n<p>Hier ein paar Eindr\u00fccke kurz vor dem Start um 6.30 Uhr auf der Chretzen:<\/p>\n<p><img loading=\"lazy\" decoding=\"async\" class=\"alignnone size-full wp-image-2668\" title=\"mountainman1\" src=\"http:\/\/schoried.ch\/wpress4\/wp-content\/uploads\/2010\/08\/mountainman11.jpg\" alt=\"\" width=\"500\" height=\"332\" srcset=\"https:\/\/schoried.ch\/wpress4\/wp-content\/uploads\/2010\/08\/mountainman11.jpg 500w, https:\/\/schoried.ch\/wpress4\/wp-content\/uploads\/2010\/08\/mountainman11-300x199.jpg 300w\" sizes=\"auto, (max-width: 500px) 100vw, 500px\" \/><\/p>\n<p><img loading=\"lazy\" decoding=\"async\" class=\"alignnone size-full wp-image-2670\" title=\"mountainman3\" src=\"http:\/\/schoried.ch\/wpress4\/wp-content\/uploads\/2010\/08\/mountainman31.jpg\" alt=\"\" width=\"500\" height=\"332\" srcset=\"https:\/\/schoried.ch\/wpress4\/wp-content\/uploads\/2010\/08\/mountainman31.jpg 500w, https:\/\/schoried.ch\/wpress4\/wp-content\/uploads\/2010\/08\/mountainman31-300x199.jpg 300w\" sizes=\"auto, (max-width: 500px) 100vw, 500px\" \/><\/p>\n<p><img loading=\"lazy\" decoding=\"async\" class=\"alignnone size-full wp-image-2671\" title=\"mountainman4\" src=\"http:\/\/schoried.ch\/wpress4\/wp-content\/uploads\/2010\/08\/mountainman41.jpg\" alt=\"\" width=\"500\" height=\"332\" srcset=\"https:\/\/schoried.ch\/wpress4\/wp-content\/uploads\/2010\/08\/mountainman41.jpg 500w, https:\/\/schoried.ch\/wpress4\/wp-content\/uploads\/2010\/08\/mountainman41-300x199.jpg 300w\" sizes=\"auto, (max-width: 500px) 100vw, 500px\" \/><\/p>\n<p><img loading=\"lazy\" decoding=\"async\" class=\"alignnone size-full wp-image-2669\" title=\"mountainman2\" src=\"http:\/\/schoried.ch\/wpress4\/wp-content\/uploads\/2010\/08\/mountainman21.jpg\" alt=\"\" width=\"500\" height=\"283\" srcset=\"https:\/\/schoried.ch\/wpress4\/wp-content\/uploads\/2010\/08\/mountainman21.jpg 500w, https:\/\/schoried.ch\/wpress4\/wp-content\/uploads\/2010\/08\/mountainman21-300x169.jpg 300w\" sizes=\"auto, (max-width: 500px) 100vw, 500px\" \/><\/p>\n","protected":false},"excerpt":{"rendered":"<p>Mit leichter Versp\u00e4tung auf den Marschplan startete kurz vor dem Sonnenaufgang am Samstag morgen fr\u00fch der 1. Mountainman auf der Chretzenalp. Die Route f\u00fchrt die Teilnehmer \u00fcber 81 Kilometer via Langis, Sch\u00f6nb\u00fcel, Br\u00fcnig und die Tannalp nach Tr\u00fcbsee. In Alpnach&#8230;<\/p>\n","protected":false},"author":1,"featured_media":0,"comment_status":"open","ping_status":"closed","sticky":false,"template":"","format":"standard","meta":{"footnotes":""},"categories":[13],"tags":[],"class_list":["post-2666","post","type-post","status-publish","format-standard","hentry","category-hauptinformationen"],"_links":{"self":[{"href":"https:\/\/schoried.ch\/wpress4\/index.php?rest_route=\/wp\/v2\/posts\/2666","targetHints":{"allow":["GET"]}}],"collection":[{"href":"https:\/\/schoried.ch\/wpress4\/index.php?rest_route=\/wp\/v2\/posts"}],"about":[{"href":"https:\/\/schoried.ch\/wpress4\/index.php?rest_route=\/wp\/v2\/types\/post"}],"author":[{"embeddable":true,"href":"https:\/\/schoried.ch\/wpress4\/index.php?rest_route=\/wp\/v2\/users\/1"}],"replies":[{"embeddable":true,"href":"https:\/\/schoried.ch\/wpress4\/index.php?rest_route=%2Fwp%2Fv2%2Fcomments&post=2666"}],"version-history":[{"count":0,"href":"https:\/\/schoried.ch\/wpress4\/index.php?rest_route=\/wp\/v2\/posts\/2666\/revisions"}],"wp:attachment":[{"href":"https:\/\/schoried.ch\/wpress4\/index.php?rest_route=%2Fwp%2Fv2%2Fmedia&parent=2666"}],"wp:term":[{"taxonomy":"category","embeddable":true,"href":"https:\/\/schoried.ch\/wpress4\/index.php?rest_route=%2Fwp%2Fv2%2Fcategories&post=2666"},{"taxonomy":"post_tag","embeddable":true,"href":"https:\/\/schoried.ch\/wpress4\/index.php?rest_route=%2Fwp%2Fv2%2Ftags&post=2666"}],"curies":[{"name":"wp","href":"https:\/\/api.w.org\/{rel}","templated":true}]}}