{"id":2573,"date":"2010-07-09T11:20:21","date_gmt":"2010-07-09T09:20:21","guid":{"rendered":"http:\/\/www.schoried.ch\/wpress\/?p=2573"},"modified":"2010-07-09T11:20:21","modified_gmt":"2010-07-09T09:20:21","slug":"postauto-macht-ab-dezember-einen-umweg","status":"publish","type":"post","link":"https:\/\/schoried.ch\/wpress4\/?p=2573","title":{"rendered":"Gemeinde korrigiert Meldung \u00fcber Postauto-Umweg"},"content":{"rendered":"<div id=\"attachment_2579\" style=\"width: 310px\" class=\"wp-caption alignleft\"><img loading=\"lazy\" decoding=\"async\" aria-describedby=\"caption-attachment-2579\" class=\"size-full wp-image-2579\" title=\"geissfuss_steg\" src=\"http:\/\/schoried.ch\/wpress4\/wp-content\/uploads\/2010\/07\/geissfuss_steg1.jpg\" alt=\"geissfuss_steg\" width=\"300\" height=\"166\" \/><p id=\"caption-attachment-2579\" class=\"wp-caption-text\">Geissfusssteg \u00fcber die Schliere<\/p><\/div>\n<p>Ab Fahrplanwechsel im Dezember wird das Postauto Schoried in Schoried einen Umweg machen. Allerdings wird es den Ortsteil<span style=\"color: #ff0000;\"> nicht, wie im Alpnacher Blettli irrt\u00fcmlicherweise vermeldet, via Dammstrasse und dann \u00fcber den Geissfusssteg (Bild) anfahren<\/span>. Dies sei erst m\u00f6glich, wenn die Br\u00fccke saniert sei, pr\u00e4zisiert die Gemeinde ihre Mitteilung. Gem\u00e4ss Gemeindeinformationen ist eine Verbesserung n\u00f6tig wegen der zu gef\u00e4hrlichen Situation beim Wenden vor der Rose. Schoried soll weiterhin 30 Mal pro Tag bedient werden.<\/p>\n<p><!--more-->Auf dem in den 90er-Jahren neu gestalteten Platz zwischen &#8222;Rose&#8220; und Kapelle sei das Wenden und Retourfahren mit gr\u00f6sseren Postautos mit &#8222;immer mehr Risiken verbunden&#8220;, steht im neusten Alpnacher Blettli.\u00a0 Die Kantonspolizei Obwalden habe nun der Gemeinde empfohlen, die Verkehrsf\u00fchrung beim Dorfplatz Schoried zu \u00fcberdenken. In Zusammenarbeit mit dem\u00a0einem Ingenieurb\u00fcro\u00a0 und dem Postautobetreiber kam man zum Schluss, dass das Postauto neu Schoried via Br\u00fcnig- und Dammstrasse, Geissfusssteg und Guberstrasse anfahren und dann via Schoriederstrasse wieder verlassen soll.\u00a0 Damit dies m\u00f6glich ist, braucht es bei der Kapellenw\u00e4ldlistrsse einen Ausbau der Kurve in die Schoriederstrasse. Die \u00c4nderung soll am 14. Dezember mit dem neuen Fahrplan in Kraft treten.<\/p>\n<p>Korrektur per 9. Juli<\/p>\n<p><span style=\"color: #ff0000;\"><strong>Die Gemeindeverwaltung hat ihre Meldung im Alpnacher Blettli pr\u00e4zisiert:<\/strong><\/span><\/p>\n<p>Der Umweg \u00fcber den Geissfusssteg ist erst m\u00f6glich, wenn die dortige Br\u00fccke saniert ist. Heute sei das gar nicht m\u00f6glich. Ab Dezember soll es nun als \u00dcbergangsl\u00f6sung eine Zusatzschlaufe via Schoriederstrasse, Kapellenw\u00e4ldlistrasse und die Guberstrasse geben.<\/p>\n<h3>&gt;&gt; <span style=\"color: #3366ff;\"><strong><span style=\"color: #0000ff;\"><a href=\"http:\/\/www.schoried.ch\/doc\/GR_postauto_korrektur.pdf\" target=\"_blank\">Zur Erg\u00e4nzungsmitteilung der Gemeinde<\/a><\/span><\/strong><\/span><\/h3>\n<h3>&gt;&gt; <span style=\"color: #3366ff;\"><a href=\"http:\/\/www.schoried.ch\/doc\/Alpnacher_Blettli_2010_6.pdf\" target=\"_blank\">Zum Alpnacher Blettli <\/a><\/span><\/h3>\n","protected":false},"excerpt":{"rendered":"<p>Ab Fahrplanwechsel im Dezember wird das Postauto Schoried in Schoried einen Umweg machen. Allerdings wird es den Ortsteil nicht, wie im Alpnacher Blettli irrt\u00fcmlicherweise vermeldet, via Dammstrasse und dann \u00fcber den Geissfusssteg (Bild) anfahren. Dies sei erst m\u00f6glich, wenn die&#8230;<\/p>\n","protected":false},"author":1,"featured_media":0,"comment_status":"open","ping_status":"closed","sticky":false,"template":"","format":"standard","meta":{"footnotes":""},"categories":[4,9,13],"tags":[135,198,407,408,451],"class_list":["post-2573","post","type-post","status-publish","format-standard","hentry","category-diverses","category-aus-dem-politischen-leben-alpnachs","category-hauptinformationen","tag-dammstrasse","tag-geissfusssteg","tag-polizei","tag-postauto","tag-schoriederstrasse"],"_links":{"self":[{"href":"https:\/\/schoried.ch\/wpress4\/index.php?rest_route=\/wp\/v2\/posts\/2573","targetHints":{"allow":["GET"]}}],"collection":[{"href":"https:\/\/schoried.ch\/wpress4\/index.php?rest_route=\/wp\/v2\/posts"}],"about":[{"href":"https:\/\/schoried.ch\/wpress4\/index.php?rest_route=\/wp\/v2\/types\/post"}],"author":[{"embeddable":true,"href":"https:\/\/schoried.ch\/wpress4\/index.php?rest_route=\/wp\/v2\/users\/1"}],"replies":[{"embeddable":true,"href":"https:\/\/schoried.ch\/wpress4\/index.php?rest_route=%2Fwp%2Fv2%2Fcomments&post=2573"}],"version-history":[{"count":0,"href":"https:\/\/schoried.ch\/wpress4\/index.php?rest_route=\/wp\/v2\/posts\/2573\/revisions"}],"wp:attachment":[{"href":"https:\/\/schoried.ch\/wpress4\/index.php?rest_route=%2Fwp%2Fv2%2Fmedia&parent=2573"}],"wp:term":[{"taxonomy":"category","embeddable":true,"href":"https:\/\/schoried.ch\/wpress4\/index.php?rest_route=%2Fwp%2Fv2%2Fcategories&post=2573"},{"taxonomy":"post_tag","embeddable":true,"href":"https:\/\/schoried.ch\/wpress4\/index.php?rest_route=%2Fwp%2Fv2%2Ftags&post=2573"}],"curies":[{"name":"wp","href":"https:\/\/api.w.org\/{rel}","templated":true}]}}