{"id":2055,"date":"2010-03-06T00:22:54","date_gmt":"2010-03-05T23:22:54","guid":{"rendered":"http:\/\/www.schoried.ch\/wpress\/?p=2055"},"modified":"2010-03-06T00:22:54","modified_gmt":"2010-03-05T23:22:54","slug":"alpnach-hat-wieder-einen-pfarrer","status":"publish","type":"post","link":"https:\/\/schoried.ch\/wpress4\/?p=2055","title":{"rendered":"Alpnach hat wieder einen Pfarrer"},"content":{"rendered":"<p><img loading=\"lazy\" decoding=\"async\" class=\"alignleft size-full wp-image-2054\" title=\"Meli_Thomas\" src=\"http:\/\/schoried.ch\/wpress4\/wp-content\/uploads\/2010\/03\/Meli_Thomas-e13052349404371.jpg\" alt=\"Meli_Thomas\" width=\"160\" height=\"205\" \/>Ab November hat Alpnach einen neuen Pfarrer: Er heisst Thomas Meli, ist 55 Jahre alt und derzeit noch Pfarrer und Gemeindeleiter in D\u00fcbendorf. \u00a0Die offizielle Wahl ist an der Kirchgemeindeversammlung\u00a0vom 29. April vorgesehen. Bis zum Stellenantritt\u00a0wird Generalvikar Martin Kopp der Pfarrei Alpnach weiterhin administrativ\u00a0vorstehen, wie der Kirchgemeinderat mitteilt.<\/p>\n<p><!--more--><\/p>\n<div id=\"_mcePaste\" style=\"position: absolute; left: -10000px; top: 0px; width: 1px; height: 1px; overflow-x: hidden; overflow-y: hidden;\">Die Pfarrwahl<\/div>\n<div id=\"_mcePaste\" style=\"position: absolute; left: -10000px; top: 0px; width: 1px; height: 1px; overflow-x: hidden; overflow-y: hidden;\">ist anl\u00e4sslich der Kirchgemeindeversammlung vom 29. April vorgesehen. Bis zum Stellenantritt<\/div>\n<div id=\"_mcePaste\" style=\"position: absolute; left: -10000px; top: 0px; width: 1px; height: 1px; overflow-x: hidden; overflow-y: hidden;\">von Thomas Meli wird Generalvikar Martin Kopp der Pfarrei Alpnach administrativ<\/div>\n<div id=\"_mcePaste\" style=\"position: absolute; left: -10000px; top: 0px; width: 1px; height: 1px; overflow-x: hidden; overflow-y: hidden;\">vorstehen.<\/div>\n<p>Die Spatzen pfiffen es von den D\u00e4chern bzw. die Pfarrei hatte auf ihrer Internetseite schon seit Tagen spekulieren lassen, warum der Kirchgemeinderat in Festlaune sei. Nun ist der Grund klar: Alpnach erh\u00e4lt im Herbst wieder einen Pfarrer. \u00a0&#8222;Der Kirchgemeindrat Alpnach freut sich auf die Zusammenarbeit mit Thomas Meli. Er ist\u00a0\u00fcberzeugt, dass Meli sehr gut in die Pfarrei Alpnach passt und das Vertrauen des Pfarreivolkes\u00a0gewinnen wird. Thomas Meli ist ein Pfarrer mit ausgezeichneten Referenzen, einem breiten\u00a0Leistungsausweis und langj\u00e4hriger Erfahrung&#8220;, schreibt der Kirchgemeinderat.<\/p>\n<p>Meli ist in Kloten aufgewachsen\u00a0und hat in Freiburg, Luzern und Chur Theologie studiert. Er wirkte als Vikar in Horgen\u00a0(1983-1986) sowie als Pfarrer in Wallisellen (1986 bis 1995) und Ruswil (1995 bis 2006).\u00a0Seit vier Jahren arbeitet Thomas Meli in D\u00fcbendorf, wo er die Pfarreileitung des neu geschaffenen\u00a0Seelsorgeraumes D\u00fcbendorf-F\u00e4llanden-Schwerzenbach \u00a0innehat. Die Seelsorge sei ihm dort zu kurz gekommen, weshalb er sich f\u00fcr den Wechsel in die Innerschweiz entschieden habe.\u00a0Meli bezeichnet sich selber als liberal-\u00f6kumenisch.<\/p>\n<p>Nach dem \u00fcberraschend schnellen Abgang von Oskar Planzer hatte die Pfarrei die Stelle wieder ausgeschrieben und in engem Kontakt mit Generalvikar Kopp nach einer neuen L\u00f6sung gesucht. Planzer war im Oktober 2008 als Nachfolger von Jozef Kuzar nach Alpnach gekommen. k\u00fcndigte jedoch auf Ende August 2009 schon wieder. Als grund wurden un\u00fcberbr\u00fcckbare Differenzen mit dem Pfarreiteam \u00fcber die F\u00fchrung der Pfarrei angegeben. Mehr hat man seither nicht erfahren. Zum dritten Mal innert vier Jahren musste die Pfarrei Alpnach nun nach dem damaligen Wegzug von Pfarrer Daniel Durrer nach Sachseln die Stelle neu besetzen. Planzers Vorg\u00e4nger hatte die Pfarrei verlassen, weil er Vater wurde. Als er im Herbst 2007 seinen Weggang begr\u00fcndete, sagte er, er habe sich dazu &#8222;nach langen \u00dcberlegungen und Gespr\u00e4ch mit meinen Vorgesetzten entschieden&#8220;.<\/p>\n<p>&gt;&gt; Zur <a href=\"http:\/\/www.pfarrei-alpnach.ch\" target=\"_blank\">Seite der Pfarrei<\/a><\/p>\n","protected":false},"excerpt":{"rendered":"<p>Ab November hat Alpnach einen neuen Pfarrer: Er heisst Thomas Meli, ist 55 Jahre alt und derzeit noch Pfarrer und Gemeindeleiter in D\u00fcbendorf. \u00a0Die offizielle Wahl ist an der Kirchgemeindeversammlung\u00a0vom 29. April vorgesehen. Bis zum Stellenantritt\u00a0wird Generalvikar Martin Kopp der&#8230;<\/p>\n","protected":false},"author":1,"featured_media":0,"comment_status":"open","ping_status":"closed","sticky":false,"template":"","format":"standard","meta":{"footnotes":""},"categories":[7],"tags":[],"class_list":["post-2055","post","type-post","status-publish","format-standard","hentry","category-kirche"],"_links":{"self":[{"href":"https:\/\/schoried.ch\/wpress4\/index.php?rest_route=\/wp\/v2\/posts\/2055","targetHints":{"allow":["GET"]}}],"collection":[{"href":"https:\/\/schoried.ch\/wpress4\/index.php?rest_route=\/wp\/v2\/posts"}],"about":[{"href":"https:\/\/schoried.ch\/wpress4\/index.php?rest_route=\/wp\/v2\/types\/post"}],"author":[{"embeddable":true,"href":"https:\/\/schoried.ch\/wpress4\/index.php?rest_route=\/wp\/v2\/users\/1"}],"replies":[{"embeddable":true,"href":"https:\/\/schoried.ch\/wpress4\/index.php?rest_route=%2Fwp%2Fv2%2Fcomments&post=2055"}],"version-history":[{"count":0,"href":"https:\/\/schoried.ch\/wpress4\/index.php?rest_route=\/wp\/v2\/posts\/2055\/revisions"}],"wp:attachment":[{"href":"https:\/\/schoried.ch\/wpress4\/index.php?rest_route=%2Fwp%2Fv2%2Fmedia&parent=2055"}],"wp:term":[{"taxonomy":"category","embeddable":true,"href":"https:\/\/schoried.ch\/wpress4\/index.php?rest_route=%2Fwp%2Fv2%2Fcategories&post=2055"},{"taxonomy":"post_tag","embeddable":true,"href":"https:\/\/schoried.ch\/wpress4\/index.php?rest_route=%2Fwp%2Fv2%2Ftags&post=2055"}],"curies":[{"name":"wp","href":"https:\/\/api.w.org\/{rel}","templated":true}]}}