{"id":1556,"date":"2010-02-23T21:20:17","date_gmt":"2010-02-23T20:20:17","guid":{"rendered":"http:\/\/www.schoried.ch\/wpress\/?p=1556"},"modified":"2010-02-23T21:20:17","modified_gmt":"2010-02-23T20:20:17","slug":"svp-tritt-fuer-gemeinderat-an","status":"publish","type":"post","link":"https:\/\/schoried.ch\/wpress4\/?p=1556","title":{"rendered":"FDP unterst\u00fctzt SVP-Kandidat Renggli"},"content":{"rendered":"<p><img loading=\"lazy\" decoding=\"async\" class=\"alignleft size-full wp-image-1558\" title=\"Peter Renggli\" src=\"http:\/\/schoried.ch\/wpress4\/wp-content\/uploads\/2010\/01\/image0011.jpg\" alt=\"Peter Renggli\" width=\"116\" height=\"152\" \/>Die SVP Alpnach hat Peter Renggli f\u00fcr die Ersatzwahl in den Gemeinderat vom 7. M\u00e4rz 2010 nominiert. Die Ersatzwahl ist wegen des R\u00fccktritts von Bernadette Halter Zeier (SP) n\u00f6tig. Renggli, 54, dipl. Wirtschaftsfachmann, ist verheiratet und Vater zweier erwachsener T\u00f6chter.\u00a0Renggli wird auch von der FDP unterst\u00fctzt.<span style=\"color: #ff0000;\"><strong> <\/strong><\/span>Bernadette Halter kontert der FDP (siehe Kommentar zum Artikel).<\/p>\n<p><!--more--><\/p>\n<p>Gem\u00e4ss einer Mitteilung der SVP arbeitete Renggli bis zur Schliessung im Jahre 2008 im Postzentrum Luzern als Sachbereichs- \/ Schichtleiter und war f\u00fcr die Betriebs- und Personalf\u00fchrung mit bis zu 100 Mitarbeitenden verantwortlich. In \u00e4hnlicher Funktion war er anschliessend bei der Post in Z\u00fcrich. Im Rahmen der Planung einer beruflichen Neuausrichtung liess er sich zum Logistikfachmann mit eidg. F\u00e4higkeitsausweis (EFA) ausbilden. Sp\u00e4ter folgte die Ausbildung zum dipl. Wirtschaftsfachmann (HWD) des Verbandes Schweizerischer Kaderschulen. Politisch engagiert sich Peter Renggli in der Ortspartei der SVP Alpnach, in deren Vorstand er vor zwei Jahren gew\u00e4hlt wurde.<\/p>\n<p><strong><span style=\"color: #ff0000;\">Aktualisiert per 23.2.2010 &#8211; FDP will die SVP &#8222;in die Pflicht nehmen&#8220;<\/span><\/strong><\/p>\n<p><span style=\"color: #000000;\">Der Vorstand der FDP teilt mit, er habe sich mit den beiden Kandidaturen f\u00fcr den Gemeinderat auseinandergesetzt. Sein Fazit: &#8222;Beide zur Wahl vorgeschlagene Kandidaturen sind,\u00a0was\u00a0die f\u00fcr eine erfolgreiche Amtsausf\u00fchrung notwendigen fachlichen und pers\u00f6nlichen Voraussetzungen (insbesondere F\u00fchrungserfahrung)\u00a0angeht, zu wenig bekannt,\u00a0als dass der Vorstand der FDP f\u00fcr die eine oder andere Kandidatur\u00a0eine Wahlempfehlung abgeben k\u00f6nnte.&#8220; Neben Renggli kandidiert auch CSP-Kandidatin Sibylle Wallimann. Die FDP hat sich dennoch zu einer Empfehlung durchgerungen: &#8222;Aufgrund der in der letzten Zeit stark angestiegenen Kosten insbesondere auch im Bildungsbereich, welche sich in einem sehr hohen\u00a0Budgetdefizit im Voranschlag 2010 der\u00a0Einwohnergemeinde Alpnach\u00a0manifestieren, erscheint dem Vorstand der FDP Alpnach eher die Kandidatur der SVP in der Lage, hier\u00a0die dringend\u00a0notwendige\u00a0Gegensteuer zu geben. Deshalb will der Vorstand der FDP Alpnach\u00a0die SVP in die Pflicht nehmen und\u00a0hat sich grossmehrheitlich entschlossen, deren Kandidatur zu unterst\u00fctzten.&#8220;<\/span><\/p>\n<p>&gt;&gt; Zur Meldung \u00fcber den<a href=\"http:\/\/www.schoried.ch\/wpress\/2009\/10\/18\/bernadette-halter-tritt-2010-zuruck\/\" target=\"_self\"> R\u00fccktritt von Bernadette Halter<\/a><\/p>\n","protected":false},"excerpt":{"rendered":"<p>Die SVP Alpnach hat Peter Renggli f\u00fcr die Ersatzwahl in den Gemeinderat vom 7. M\u00e4rz 2010 nominiert. Die Ersatzwahl ist wegen des R\u00fccktritts von Bernadette Halter Zeier (SP) n\u00f6tig. Renggli, 54, dipl. Wirtschaftsfachmann, ist verheiratet und Vater zweier erwachsener T\u00f6chter.\u00a0Renggli&#8230;<\/p>\n","protected":false},"author":1,"featured_media":0,"comment_status":"open","ping_status":"closed","sticky":false,"template":"","format":"standard","meta":{"footnotes":""},"categories":[9,13],"tags":[205,231,405,426,471,493,634],"class_list":["post-1556","post","type-post","status-publish","format-standard","hentry","category-aus-dem-politischen-leben-alpnachs","category-hauptinformationen","tag-gemeinderat","tag-halter","tag-politik","tag-renggli","tag-sp","tag-svp","tag-wahlen"],"_links":{"self":[{"href":"https:\/\/schoried.ch\/wpress4\/index.php?rest_route=\/wp\/v2\/posts\/1556","targetHints":{"allow":["GET"]}}],"collection":[{"href":"https:\/\/schoried.ch\/wpress4\/index.php?rest_route=\/wp\/v2\/posts"}],"about":[{"href":"https:\/\/schoried.ch\/wpress4\/index.php?rest_route=\/wp\/v2\/types\/post"}],"author":[{"embeddable":true,"href":"https:\/\/schoried.ch\/wpress4\/index.php?rest_route=\/wp\/v2\/users\/1"}],"replies":[{"embeddable":true,"href":"https:\/\/schoried.ch\/wpress4\/index.php?rest_route=%2Fwp%2Fv2%2Fcomments&post=1556"}],"version-history":[{"count":0,"href":"https:\/\/schoried.ch\/wpress4\/index.php?rest_route=\/wp\/v2\/posts\/1556\/revisions"}],"wp:attachment":[{"href":"https:\/\/schoried.ch\/wpress4\/index.php?rest_route=%2Fwp%2Fv2%2Fmedia&parent=1556"}],"wp:term":[{"taxonomy":"category","embeddable":true,"href":"https:\/\/schoried.ch\/wpress4\/index.php?rest_route=%2Fwp%2Fv2%2Fcategories&post=1556"},{"taxonomy":"post_tag","embeddable":true,"href":"https:\/\/schoried.ch\/wpress4\/index.php?rest_route=%2Fwp%2Fv2%2Ftags&post=1556"}],"curies":[{"name":"wp","href":"https:\/\/api.w.org\/{rel}","templated":true}]}}