{"id":12489,"date":"2016-11-26T17:00:02","date_gmt":"2016-11-26T15:00:02","guid":{"rendered":"http:\/\/www.schoried.ch\/wpress4\/?p=12489"},"modified":"2016-11-26T18:30:00","modified_gmt":"2016-11-26T16:30:00","slug":"bald-ist-wieder-christbaumzeit-in-schoried","status":"publish","type":"post","link":"https:\/\/schoried.ch\/wpress4\/?p=12489","title":{"rendered":"Am Sonntag ist Christbaum-Tag in Schoried"},"content":{"rendered":"<p>&nbsp;<\/p>\n<p><em><br \/>\n<img loading=\"lazy\" decoding=\"async\" width=\"400\" height=\"265\" class=\"alignleft wp-image-12007 size-medium\" alt=\"baum2015schmuck_040\" src=\"http:\/\/schoried.ch\/wpress4\/wp-content\/uploads\/2015\/11\/baum2015schmuck_040-400x265.jpg\" srcset=\"https:\/\/schoried.ch\/wpress4\/wp-content\/uploads\/2015\/11\/baum2015schmuck_040-400x265.jpg 400w, https:\/\/schoried.ch\/wpress4\/wp-content\/uploads\/2015\/11\/baum2015schmuck_040-150x99.jpg 150w, https:\/\/schoried.ch\/wpress4\/wp-content\/uploads\/2015\/11\/baum2015schmuck_040-755x500.jpg 755w, https:\/\/schoried.ch\/wpress4\/wp-content\/uploads\/2015\/11\/baum2015schmuck_040-560x371.jpg 560w, https:\/\/schoried.ch\/wpress4\/wp-content\/uploads\/2015\/11\/baum2015schmuck_040-260x172.jpg 260w, https:\/\/schoried.ch\/wpress4\/wp-content\/uploads\/2015\/11\/baum2015schmuck_040-160x106.jpg 160w, https:\/\/schoried.ch\/wpress4\/wp-content\/uploads\/2015\/11\/baum2015schmuck_040.jpg 800w\" sizes=\"auto, (max-width: 400px) 100vw, 400px\" \/>Der besondere Schorieder&nbsp;<strong>Christbaum<\/strong> wird auch dieses Jahr vor der Kapelle Schoried aufgestellt, bereits zum<br \/>\n19. Mal. Das Christbaumkomitee macht ihn bereit, damit Gross und Klein, Ur-Schorieder und neue Nachbarn ihn auch dieses Jahr schm\u00fccken k\u00f6nnen. Am Abend empfangen wir dann den Samichlaus erst in der Kapelle und sp\u00e4ter bei seinem Einzug ins Dorf. Zum 20. Mal laden auch dieses Jahr <strong>Adventsfenster<\/strong> in ganz Schoried zu einem abendlichen Spaziergang ein. Kurz vor Weihnachten k\u00f6nnen Sie auch wieder an einem gef\u00fchrten Rundgang teilnehmen.<\/em><\/p>\n<p><!--more--><\/p>\n<p>&nbsp;<\/p>\n<p>Hier die wichtigsten Infos und Zeiten:<\/p>\n<ul>\n<li>Ab 15.30 Uhr wird der Christbaum am 1. Adventssonntag <strong>(27. November)<\/strong> geschm\u00fcckt. Bringen Sie wenn m\u00f6glich selbst gebastelten wetterfesten Schmuck mit. Sie k\u00f6nnen auch in unsere Kiste mit Schmuck vom Vorjahr greifen, wenn Sie nicht zum Basteln kommen. Es gibt Gl\u00fchwein und Kuchen, ab 17 Uhr eine kleine Feier in der Kapelle mit Besuch des Samichlaus. Dieser zieht sp\u00e4ter ab 19 Uhr vom Wald her ein und weiter ins Dorf.<\/li>\n<li>Die Christbaumfeier wird auch dieses Jahr <strong>musikalisch<\/strong> Interessierte Kinder ab der 1. Klasse k\u00f6nnen mittwochs <strong>9.\/16. und 23. November<\/strong> je ab 18.30 Uhr mit Familie Schelbert in der Kapelle proben. Letzte Probe am 27. November um 16 Uhr in der Kapelle.<\/li>\n<li>Ferner findet am <strong>Samstag, 3. Dezember,<\/strong> ab 9 Uhr wieder das Kindertrinkeln statt. Kinder bringen dazu eine Trinkel und einen Lebkuchen mit. Der Erl\u00f6s geht auch dieses Jahr an eine gemeinn\u00fctzige Organisation. Weitere Infos direkt bei Familie Gasser, Wicketli, Telefon 041&nbsp;670 27 85.<\/li>\n<li>Am Freitag, 23. Dezember, wandern wir auch dieses Jahr gef\u00fchrt den H\u00e4usern mit den Adventsfenstern entlang. Dieser Anlass wird neu vom Verein <strong>Baragg\u00e4 6<\/strong> Treffpunkt um 19 Uhr bei der Kapelle. Am Schluss trifft man sich zum vorweihn\u00e4chtlichen Umtrunk in der<br \/>\nBaragg\u00e4 6 im Wald oberhalb der Schlierenbr\u00fccke.<\/li>\n<\/ul>\n<p><a href=\"http:\/\/www.schoried.ch\/doc\/ChristbaumFlugblatt2016.pdf\">Hier finden Sie das Flugblatt zum Ausdrucken<\/a><\/p>\n<p>&nbsp;<\/p>\n<table style=\"background-color: #c0ebc7;\">\n<tbody>\n<tr>\n<td>M\u00f6chten Sie auch am Brauch in Schoried mitarbeiten?<\/td>\n<\/tr>\n<tr>\n<td>Haben Sie Interesse, selber ab n\u00e4chstem Jahr am Brauch des Schorieder Christbaums mitzuwirken? Melden Sie sich bei einem Mitglied des Komitees am betreffenden Tag oder vor- oder nachher. Alle beantworten gerne Ihre Fragen \u00fcber den Ablauf und die Organisation. Und schauen Sie selber, wie die leuchtenden Kinderaugen am 1. Adventssonntag diesen Einsatz belohnen.<\/td>\n<\/tr>\n<\/tbody>\n<\/table>\n","protected":false},"excerpt":{"rendered":"<p>&nbsp; Der besondere Schorieder&nbsp;Christbaum wird auch dieses Jahr vor der Kapelle Schoried aufgestellt, bereits zum 19. Mal. Das Christbaumkomitee macht ihn bereit, damit Gross und Klein, Ur-Schorieder und neue Nachbarn ihn auch dieses Jahr schm\u00fccken k\u00f6nnen. Am Abend empfangen wir&#8230;<\/p>\n","protected":false},"author":1,"featured_media":12552,"comment_status":"open","ping_status":"open","sticky":false,"template":"","format":"image","meta":{"footnotes":""},"categories":[13],"tags":[],"class_list":["post-12489","post","type-post","status-publish","format-image","has-post-thumbnail","hentry","category-hauptinformationen","post_format-post-format-image"],"_links":{"self":[{"href":"https:\/\/schoried.ch\/wpress4\/index.php?rest_route=\/wp\/v2\/posts\/12489","targetHints":{"allow":["GET"]}}],"collection":[{"href":"https:\/\/schoried.ch\/wpress4\/index.php?rest_route=\/wp\/v2\/posts"}],"about":[{"href":"https:\/\/schoried.ch\/wpress4\/index.php?rest_route=\/wp\/v2\/types\/post"}],"author":[{"embeddable":true,"href":"https:\/\/schoried.ch\/wpress4\/index.php?rest_route=\/wp\/v2\/users\/1"}],"replies":[{"embeddable":true,"href":"https:\/\/schoried.ch\/wpress4\/index.php?rest_route=%2Fwp%2Fv2%2Fcomments&post=12489"}],"version-history":[{"count":12,"href":"https:\/\/schoried.ch\/wpress4\/index.php?rest_route=\/wp\/v2\/posts\/12489\/revisions"}],"predecessor-version":[{"id":12551,"href":"https:\/\/schoried.ch\/wpress4\/index.php?rest_route=\/wp\/v2\/posts\/12489\/revisions\/12551"}],"wp:featuredmedia":[{"embeddable":true,"href":"https:\/\/schoried.ch\/wpress4\/index.php?rest_route=\/wp\/v2\/media\/12552"}],"wp:attachment":[{"href":"https:\/\/schoried.ch\/wpress4\/index.php?rest_route=%2Fwp%2Fv2%2Fmedia&parent=12489"}],"wp:term":[{"taxonomy":"category","embeddable":true,"href":"https:\/\/schoried.ch\/wpress4\/index.php?rest_route=%2Fwp%2Fv2%2Fcategories&post=12489"},{"taxonomy":"post_tag","embeddable":true,"href":"https:\/\/schoried.ch\/wpress4\/index.php?rest_route=%2Fwp%2Fv2%2Ftags&post=12489"}],"curies":[{"name":"wp","href":"https:\/\/api.w.org\/{rel}","templated":true}]}}