{"id":11861,"date":"2015-11-08T17:23:14","date_gmt":"2015-11-08T15:23:14","guid":{"rendered":"http:\/\/schoried.ch\/wpress4\/?p=11861"},"modified":"2015-11-09T15:03:47","modified_gmt":"2015-11-09T13:03:47","slug":"sommerliche-aelplerchilbi-im-dorf","status":"publish","type":"post","link":"https:\/\/schoried.ch\/wpress4\/?p=11861","title":{"rendered":"Sommerliche \u00c4lplerchilbi im Dorf"},"content":{"rendered":"<p><a href=\"http:\/\/schoried.ch\/wpress4\/wp-content\/uploads\/2015\/06\/AelpkDorf2015_44.jpg\"><img loading=\"lazy\" decoding=\"async\" class=\"alignleft wp-image-11872 size-medium\" src=\"http:\/\/schoried.ch\/wpress4\/wp-content\/uploads\/2015\/06\/AelpkDorf2015_44-400x249.jpg\" alt=\"\u00c4lplerchilbi mit Jodlern und Fahnenschwingern und Pfarrer Thomas Meli\" width=\"400\" height=\"249\" srcset=\"https:\/\/schoried.ch\/wpress4\/wp-content\/uploads\/2015\/06\/AelpkDorf2015_44-400x249.jpg 400w, https:\/\/schoried.ch\/wpress4\/wp-content\/uploads\/2015\/06\/AelpkDorf2015_44-150x93.jpg 150w, https:\/\/schoried.ch\/wpress4\/wp-content\/uploads\/2015\/06\/AelpkDorf2015_44.jpg 800w, https:\/\/schoried.ch\/wpress4\/wp-content\/uploads\/2015\/06\/AelpkDorf2015_44-560x348.jpg 560w, https:\/\/schoried.ch\/wpress4\/wp-content\/uploads\/2015\/06\/AelpkDorf2015_44-260x162.jpg 260w, https:\/\/schoried.ch\/wpress4\/wp-content\/uploads\/2015\/06\/AelpkDorf2015_44-160x99.jpg 160w\" sizes=\"auto, (max-width: 400px) 100vw, 400px\" \/><\/a><\/p>\n<p>Bei pr\u00e4chtigen, fast schon sommerlichen Bedingungen fand die Alpnacher \u00c4lplerchilbi 2015 statt. Entsprechend gross war die Zahl der Zuh\u00f6rer, welche den sonnigen Nachmittag auf dem Schulhausplatz genossen, teilweise in kurzen Hosen und T-Shirts. Jodler, Fahnenschwinger und Trachtent\u00e4nzer umrahmten den traditionellen Anlass, der f\u00fcr viele erst lange nach Mitternacht zu Ende ging. Aber \u00c4lplerchilbi ist ja nur einmal im Jahr&#8230;<\/p>\n<p><!--more--><\/p>\n<p>Die eine oder andere Un- oder Schandtat aus dem vergangenen \u00c4lplerleben wurde da wieder ausgeplaudert und sorgte f\u00fcr Lacher im Publikum. Traditionellerweise erhielt Pfarrer Thomas Meli als Ehrenprediger einen K\u00e4se geschenkt. Die Wilden erz\u00e4hlten, sie h\u00e4tten auf mehreren Alpen probiert. Den K\u00e4se, den sie nun mitgebracht h\u00e4tten, sei der beste und etwas vom Besten, was man aus Milch machen k\u00f6nne &#8211; nicht zuletzt dank der vielen Omega-Fetts\u00e4uren, welche die Alpmilch enthalte.<\/p>\n<div id=\"attachment_11873\" style=\"width: 410px\" class=\"wp-caption alignnone\"><a href=\"http:\/\/schoried.ch\/wpress4\/wp-content\/uploads\/2015\/06\/AelpkDorf2015_53.jpg\"><img loading=\"lazy\" decoding=\"async\" aria-describedby=\"caption-attachment-11873\" class=\"wp-image-11873 size-medium\" src=\"http:\/\/schoried.ch\/wpress4\/wp-content\/uploads\/2015\/06\/AelpkDorf2015_53-400x265.jpg\" alt=\"\u00c4lplerchilbi mit Jodlern und Fahnenschwingern und Pfarrer Thomas Meli\" width=\"400\" height=\"265\" srcset=\"https:\/\/schoried.ch\/wpress4\/wp-content\/uploads\/2015\/06\/AelpkDorf2015_53-400x265.jpg 400w, https:\/\/schoried.ch\/wpress4\/wp-content\/uploads\/2015\/06\/AelpkDorf2015_53-150x99.jpg 150w, https:\/\/schoried.ch\/wpress4\/wp-content\/uploads\/2015\/06\/AelpkDorf2015_53-755x500.jpg 755w, https:\/\/schoried.ch\/wpress4\/wp-content\/uploads\/2015\/06\/AelpkDorf2015_53-560x371.jpg 560w, https:\/\/schoried.ch\/wpress4\/wp-content\/uploads\/2015\/06\/AelpkDorf2015_53-260x172.jpg 260w, https:\/\/schoried.ch\/wpress4\/wp-content\/uploads\/2015\/06\/AelpkDorf2015_53-160x106.jpg 160w, https:\/\/schoried.ch\/wpress4\/wp-content\/uploads\/2015\/06\/AelpkDorf2015_53.jpg 800w\" sizes=\"auto, (max-width: 400px) 100vw, 400px\" \/><\/a><p id=\"caption-attachment-11873\" class=\"wp-caption-text\">Junge \u00c4lpler mit ihren Begleiterinnen<\/p><\/div>\n<div id=\"attachment_11870\" style=\"width: 410px\" class=\"wp-caption alignnone\"><a href=\"http:\/\/schoried.ch\/wpress4\/wp-content\/uploads\/2015\/06\/AelpkDorf2015_08.jpg\"><img loading=\"lazy\" decoding=\"async\" aria-describedby=\"caption-attachment-11870\" class=\"wp-image-11870 size-medium\" src=\"http:\/\/schoried.ch\/wpress4\/wp-content\/uploads\/2015\/06\/AelpkDorf2015_08-400x265.jpg\" alt=\"\u00c4lplerchilbi mit Jodlern und Fahnenschwingern und Pfarrer Thomas Meli\" width=\"400\" height=\"265\" srcset=\"https:\/\/schoried.ch\/wpress4\/wp-content\/uploads\/2015\/06\/AelpkDorf2015_08-400x265.jpg 400w, https:\/\/schoried.ch\/wpress4\/wp-content\/uploads\/2015\/06\/AelpkDorf2015_08-150x99.jpg 150w, https:\/\/schoried.ch\/wpress4\/wp-content\/uploads\/2015\/06\/AelpkDorf2015_08-755x500.jpg 755w, https:\/\/schoried.ch\/wpress4\/wp-content\/uploads\/2015\/06\/AelpkDorf2015_08-560x371.jpg 560w, https:\/\/schoried.ch\/wpress4\/wp-content\/uploads\/2015\/06\/AelpkDorf2015_08-260x172.jpg 260w, https:\/\/schoried.ch\/wpress4\/wp-content\/uploads\/2015\/06\/AelpkDorf2015_08-160x106.jpg 160w, https:\/\/schoried.ch\/wpress4\/wp-content\/uploads\/2015\/06\/AelpkDorf2015_08.jpg 800w\" sizes=\"auto, (max-width: 400px) 100vw, 400px\" \/><\/a><p id=\"caption-attachment-11870\" class=\"wp-caption-text\">D\u00fcrfen nicht fehlen:<\/p><\/div>\n<div id=\"attachment_11874\" style=\"width: 410px\" class=\"wp-caption alignnone\"><a href=\"http:\/\/schoried.ch\/wpress4\/wp-content\/uploads\/2015\/06\/AelpkDorf2015_57.jpg\"><img loading=\"lazy\" decoding=\"async\" aria-describedby=\"caption-attachment-11874\" class=\"wp-image-11874 size-medium\" src=\"http:\/\/schoried.ch\/wpress4\/wp-content\/uploads\/2015\/06\/AelpkDorf2015_57-400x265.jpg\" alt=\"\u00c4lplerchilbi mit Jodlern und Fahnenschwingern und Pfarrer Thomas Meli\" width=\"400\" height=\"265\" srcset=\"https:\/\/schoried.ch\/wpress4\/wp-content\/uploads\/2015\/06\/AelpkDorf2015_57-400x265.jpg 400w, https:\/\/schoried.ch\/wpress4\/wp-content\/uploads\/2015\/06\/AelpkDorf2015_57-150x99.jpg 150w, https:\/\/schoried.ch\/wpress4\/wp-content\/uploads\/2015\/06\/AelpkDorf2015_57-755x500.jpg 755w, https:\/\/schoried.ch\/wpress4\/wp-content\/uploads\/2015\/06\/AelpkDorf2015_57-560x371.jpg 560w, https:\/\/schoried.ch\/wpress4\/wp-content\/uploads\/2015\/06\/AelpkDorf2015_57-260x172.jpg 260w, https:\/\/schoried.ch\/wpress4\/wp-content\/uploads\/2015\/06\/AelpkDorf2015_57-160x106.jpg 160w, https:\/\/schoried.ch\/wpress4\/wp-content\/uploads\/2015\/06\/AelpkDorf2015_57.jpg 800w\" sizes=\"auto, (max-width: 400px) 100vw, 400px\" \/><\/a><p id=\"caption-attachment-11874\" class=\"wp-caption-text\">Die Fahnenschwinger<\/p><\/div>\n<div id=\"attachment_11871\" style=\"width: 410px\" class=\"wp-caption alignnone\"><a href=\"http:\/\/schoried.ch\/wpress4\/wp-content\/uploads\/2015\/06\/AelpkDorf2015_25.jpg\"><img loading=\"lazy\" decoding=\"async\" aria-describedby=\"caption-attachment-11871\" class=\"wp-image-11871 size-medium\" src=\"http:\/\/schoried.ch\/wpress4\/wp-content\/uploads\/2015\/06\/AelpkDorf2015_25-400x265.jpg\" alt=\"\u00c4lplerchilbi mit Jodlern und Fahnenschwingern und Pfarrer Thomas Meli\" width=\"400\" height=\"265\" srcset=\"https:\/\/schoried.ch\/wpress4\/wp-content\/uploads\/2015\/06\/AelpkDorf2015_25-400x265.jpg 400w, https:\/\/schoried.ch\/wpress4\/wp-content\/uploads\/2015\/06\/AelpkDorf2015_25-150x99.jpg 150w, https:\/\/schoried.ch\/wpress4\/wp-content\/uploads\/2015\/06\/AelpkDorf2015_25-755x500.jpg 755w, https:\/\/schoried.ch\/wpress4\/wp-content\/uploads\/2015\/06\/AelpkDorf2015_25-560x371.jpg 560w, https:\/\/schoried.ch\/wpress4\/wp-content\/uploads\/2015\/06\/AelpkDorf2015_25-260x172.jpg 260w, https:\/\/schoried.ch\/wpress4\/wp-content\/uploads\/2015\/06\/AelpkDorf2015_25-160x106.jpg 160w, https:\/\/schoried.ch\/wpress4\/wp-content\/uploads\/2015\/06\/AelpkDorf2015_25.jpg 800w\" sizes=\"auto, (max-width: 400px) 100vw, 400px\" \/><\/a><p id=\"caption-attachment-11871\" class=\"wp-caption-text\">Auch f\u00fcr Nachwuchs ist gesorgt<\/p><\/div>\n<div id=\"attachment_11875\" style=\"width: 410px\" class=\"wp-caption alignnone\"><a href=\"http:\/\/schoried.ch\/wpress4\/wp-content\/uploads\/2015\/06\/AelpkDorf2015_72.jpg\"><img loading=\"lazy\" decoding=\"async\" aria-describedby=\"caption-attachment-11875\" class=\"wp-image-11875 size-medium\" src=\"http:\/\/schoried.ch\/wpress4\/wp-content\/uploads\/2015\/06\/AelpkDorf2015_72-400x265.jpg\" alt=\"\u00c4lplerchilbi mit Jodlern und Fahnenschwingern und Pfarrer Thomas Meli\" width=\"400\" height=\"265\" srcset=\"https:\/\/schoried.ch\/wpress4\/wp-content\/uploads\/2015\/06\/AelpkDorf2015_72-400x265.jpg 400w, https:\/\/schoried.ch\/wpress4\/wp-content\/uploads\/2015\/06\/AelpkDorf2015_72-150x99.jpg 150w, https:\/\/schoried.ch\/wpress4\/wp-content\/uploads\/2015\/06\/AelpkDorf2015_72-755x500.jpg 755w, https:\/\/schoried.ch\/wpress4\/wp-content\/uploads\/2015\/06\/AelpkDorf2015_72-560x371.jpg 560w, https:\/\/schoried.ch\/wpress4\/wp-content\/uploads\/2015\/06\/AelpkDorf2015_72-260x172.jpg 260w, https:\/\/schoried.ch\/wpress4\/wp-content\/uploads\/2015\/06\/AelpkDorf2015_72-160x106.jpg 160w, https:\/\/schoried.ch\/wpress4\/wp-content\/uploads\/2015\/06\/AelpkDorf2015_72.jpg 800w\" sizes=\"auto, (max-width: 400px) 100vw, 400px\" \/><\/a><p id=\"caption-attachment-11875\" class=\"wp-caption-text\">Kirchgemeindepr\u00e4sident Daniel Albert h\u00e4lt die \u00dcbergabe des K\u00e4ses an Pfarrer Thomas Meli mit seinem Handy fest<\/p><\/div>\n<p>Der Film auf Youtube<br \/>\n<iframe loading=\"lazy\" title=\"Aelplerchlbi 2015 im Dorf Alpnach\" width=\"500\" height=\"281\" src=\"https:\/\/www.youtube.com\/embed\/dtFrzzncazQ?feature=oembed\" frameborder=\"0\" allow=\"accelerometer; autoplay; clipboard-write; encrypted-media; gyroscope; picture-in-picture; web-share\" referrerpolicy=\"strict-origin-when-cross-origin\" allowfullscreen><\/iframe><\/p>\n<p>&nbsp;<\/p>\n<h3>&gt;&gt;\u00a0<a href=\"http:\/\/filmarchivar.prossl.de\/video.php?video=1883576129&amp;user=7832269905&amp;html5=1&amp;template=6&amp;width=1920&amp;backcolor=505050&amp;frontcolor=FFFFFF&amp;lightcolor=FFD800&amp;autostart=false&amp;repeat=false\" target=\"_blank\">Hier gibts den Film in HD-Qualit\u00e4t<\/a><\/h3>\n<p>&nbsp;<\/p>\n","protected":false},"excerpt":{"rendered":"<p>Bei pr\u00e4chtigen, fast schon sommerlichen Bedingungen fand die Alpnacher \u00c4lplerchilbi 2015 statt. Entsprechend gross war die Zahl der Zuh\u00f6rer, welche den sonnigen Nachmittag auf dem Schulhausplatz genossen, teilweise in kurzen Hosen und T-Shirts. Jodler, Fahnenschwinger und Trachtent\u00e4nzer umrahmten den traditionellen&#8230;<\/p>\n","protected":false},"author":1,"featured_media":11874,"comment_status":"closed","ping_status":"closed","sticky":false,"template":"","format":"standard","meta":{"footnotes":""},"categories":[13],"tags":[],"class_list":["post-11861","post","type-post","status-publish","format-standard","has-post-thumbnail","hentry","category-hauptinformationen"],"_links":{"self":[{"href":"https:\/\/schoried.ch\/wpress4\/index.php?rest_route=\/wp\/v2\/posts\/11861","targetHints":{"allow":["GET"]}}],"collection":[{"href":"https:\/\/schoried.ch\/wpress4\/index.php?rest_route=\/wp\/v2\/posts"}],"about":[{"href":"https:\/\/schoried.ch\/wpress4\/index.php?rest_route=\/wp\/v2\/types\/post"}],"author":[{"embeddable":true,"href":"https:\/\/schoried.ch\/wpress4\/index.php?rest_route=\/wp\/v2\/users\/1"}],"replies":[{"embeddable":true,"href":"https:\/\/schoried.ch\/wpress4\/index.php?rest_route=%2Fwp%2Fv2%2Fcomments&post=11861"}],"version-history":[{"count":12,"href":"https:\/\/schoried.ch\/wpress4\/index.php?rest_route=\/wp\/v2\/posts\/11861\/revisions"}],"predecessor-version":[{"id":11879,"href":"https:\/\/schoried.ch\/wpress4\/index.php?rest_route=\/wp\/v2\/posts\/11861\/revisions\/11879"}],"wp:featuredmedia":[{"embeddable":true,"href":"https:\/\/schoried.ch\/wpress4\/index.php?rest_route=\/wp\/v2\/media\/11874"}],"wp:attachment":[{"href":"https:\/\/schoried.ch\/wpress4\/index.php?rest_route=%2Fwp%2Fv2%2Fmedia&parent=11861"}],"wp:term":[{"taxonomy":"category","embeddable":true,"href":"https:\/\/schoried.ch\/wpress4\/index.php?rest_route=%2Fwp%2Fv2%2Fcategories&post=11861"},{"taxonomy":"post_tag","embeddable":true,"href":"https:\/\/schoried.ch\/wpress4\/index.php?rest_route=%2Fwp%2Fv2%2Ftags&post=11861"}],"curies":[{"name":"wp","href":"https:\/\/api.w.org\/{rel}","templated":true}]}}