{"id":1101,"date":"2010-01-01T19:07:04","date_gmt":"2010-01-01T18:07:04","guid":{"rendered":"http:\/\/www.schoried.ch\/wpress\/?p=1101"},"modified":"2010-01-01T19:07:04","modified_gmt":"2010-01-01T18:07:04","slug":"jahresrueckblick-2009-in-bildern","status":"publish","type":"post","link":"https:\/\/schoried.ch\/wpress4\/?p=1101","title":{"rendered":"Jahresr\u00fcckblick 2009 in Bildern"},"content":{"rendered":"<h3><span style=\"font-weight: normal;\">Erinnern Sie sich noch, was dieses Jahr in Alpnach alles lief? In \u00fcber 40 Bildern von schoried.ch k\u00f6nnen Sie die grossen Festivit\u00e4ten und andere Anl\u00e4ssen noch einmal erleben.<\/span><\/h3>\n<div style=\"text-align: left;\">\n<div style=\"font-weight: bold;\">\n<h2><a href=\"http:\/\/www.calameo.com\/read\/00006561569961ce0feaf\" target=\"_blank\">&gt; Das Alpnacher Jahr 2009 in Bildern &lt; &lt; <\/a><\/h2>\n<\/div>\n<div style=\"padding-top: 8px;\"><object id=\"00006561569961ce0feaf\" classid=\"clsid:d27cdb6e-ae6d-11cf-96b8-444553540000\" width=\"240\" height=\"147\" codebase=\"http:\/\/download.macromedia.com\/pub\/shockwave\/cabs\/flash\/swflash.cab#version=6,0,40,0\"><param name=\"scale\" value=\"noscale\" \/><param name=\"loop\" value=\"false\" \/><param name=\"salign\" value=\"t\" \/><param name=\"allowScriptAccess\" value=\"always\" \/><param name=\"wmode\" value=\"transparent\" \/><param name=\"src\" value=\"http:\/\/v.calameo.com\/2.0\/cmini.swf?bkcode=00006561569961ce0feaf&amp;langid=en&amp;clickTo=public&amp;clickTarget=_blank&amp;autoFlip=0&amp;showArrows=1&amp;page=1\" \/><param name=\"flashvars\" value=\"bkcode=00006561569961ce0feaf&amp;langid=en&amp;clickTo=public&amp;clickTarget=_blank&amp;autoFlip=0&amp;showArrows=1&amp;page=1\" \/><embed id=\"00006561569961ce0feaf\" type=\"application\/x-shockwave-flash\" width=\"240\" height=\"147\" src=\"http:\/\/v.calameo.com\/2.0\/cmini.swf?bkcode=00006561569961ce0feaf&amp;langid=en&amp;clickTo=public&amp;clickTarget=_blank&amp;autoFlip=0&amp;showArrows=1&amp;page=1\" flashvars=\"bkcode=00006561569961ce0feaf&amp;langid=en&amp;clickTo=public&amp;clickTarget=_blank&amp;autoFlip=0&amp;showArrows=1&amp;page=1\" wmode=\"transparent\" allowscriptaccess=\"always\" salign=\"t\" loop=\"false\" scale=\"noscale\"><\/embed><\/object><\/div>\n<div style=\"font-size: 11px;\"><a href=\"http:\/\/calameo.com\/upload\/\">Publish at Calam\u00e9o<\/a> or <a href=\"http:\/\/calameo.com\/browse\/\">browse<\/a> others.<\/div>\n<\/div>\n","protected":false},"excerpt":{"rendered":"<p>Erinnern Sie sich noch, was dieses Jahr in Alpnach alles lief? In \u00fcber 40 Bildern von schoried.ch k\u00f6nnen Sie die grossen Festivit\u00e4ten und andere Anl\u00e4ssen noch einmal erleben. &gt; Das Alpnacher Jahr 2009 in Bildern &lt; &lt; Publish at Calam\u00e9o&#8230;<\/p>\n","protected":false},"author":1,"featured_media":0,"comment_status":"closed","ping_status":"open","sticky":false,"template":"","format":"standard","meta":{"footnotes":""},"categories":[3,4],"tags":[45,637,173,448,631],"class_list":["post-1101","post","type-post","status-publish","format-standard","hentry","category-bilder","category-diverses","tag-alpnach","tag-brauchtum","tag-fasnacht","tag-schnee","tag-schoried"],"_links":{"self":[{"href":"https:\/\/schoried.ch\/wpress4\/index.php?rest_route=\/wp\/v2\/posts\/1101","targetHints":{"allow":["GET"]}}],"collection":[{"href":"https:\/\/schoried.ch\/wpress4\/index.php?rest_route=\/wp\/v2\/posts"}],"about":[{"href":"https:\/\/schoried.ch\/wpress4\/index.php?rest_route=\/wp\/v2\/types\/post"}],"author":[{"embeddable":true,"href":"https:\/\/schoried.ch\/wpress4\/index.php?rest_route=\/wp\/v2\/users\/1"}],"replies":[{"embeddable":true,"href":"https:\/\/schoried.ch\/wpress4\/index.php?rest_route=%2Fwp%2Fv2%2Fcomments&post=1101"}],"version-history":[{"count":0,"href":"https:\/\/schoried.ch\/wpress4\/index.php?rest_route=\/wp\/v2\/posts\/1101\/revisions"}],"wp:attachment":[{"href":"https:\/\/schoried.ch\/wpress4\/index.php?rest_route=%2Fwp%2Fv2%2Fmedia&parent=1101"}],"wp:term":[{"taxonomy":"category","embeddable":true,"href":"https:\/\/schoried.ch\/wpress4\/index.php?rest_route=%2Fwp%2Fv2%2Fcategories&post=1101"},{"taxonomy":"post_tag","embeddable":true,"href":"https:\/\/schoried.ch\/wpress4\/index.php?rest_route=%2Fwp%2Fv2%2Ftags&post=1101"}],"curies":[{"name":"wp","href":"https:\/\/api.w.org\/{rel}","templated":true}]}}